{"id":504004,"date":"2025-11-01T07:12:13","date_gmt":"2025-11-01T07:12:13","guid":{"rendered":"https:\/\/www.europesays.com\/fr\/504004\/"},"modified":"2025-11-01T07:12:13","modified_gmt":"2025-11-01T07:12:13","slug":"des-violences-urbaines-a-montelimar-et-valence","status":"publish","type":"post","link":"https:\/\/www.europesays.com\/fr\/504004\/","title":{"rendered":"des violences urbaines \u00e0 Mont\u00e9limar et Valence"},"content":{"rendered":"<p>Des violences urbaines ont \u00e9clat\u00e9, ce vendredi 31 octobre, en d\u00e9but de soir\u00e9e d\u2019Halloween, dans plusieurs communes de la Dr\u00f4me. Notamment \u00e0 Mont\u00e9limar, o\u00f9 les policiers ont \u00e9t\u00e9 vis\u00e9s par des tirs de mortiers d\u2019artifice. Plusieurs feux de poubelles ont aussi \u00e9t\u00e9 allum\u00e9s \u00e0 Valence et Bourg-l\u00e8s-Valence.<\/p>\n<p>Par ailleurs, si \u00ab\u00a0la vente, le port et le transport d\u2019artifices de divertissement et d\u2019articles pyrotechniques\u00a0\u00bb sont interdits par arr\u00eat\u00e9 pr\u00e9fectoral jusqu\u2019au 3 novembre, plusieurs feux d\u2019artifice ont \u00e9t\u00e9 tir\u00e9s \u00e0 partir de 20 heures, \u00e0 Valence et Bourg-l\u00e8s-Valence.\u00a0<\/p>\n<p>Les sapeurs-pompiers dr\u00f4mois ont r\u00e9alis\u00e9, entre 20 heures et 20h30, six interventions pour des feux des poubelles et des feux de voiture, \u00e0 Mont\u00e9limar, Valence et Loriol-sur-Dr\u00f4me. Au total, huit v\u00e9hicules ont \u00e9t\u00e9 incendi\u00e9s.<\/p>\n","protected":false},"excerpt":{"rendered":"Des violences urbaines ont \u00e9clat\u00e9, ce vendredi 31 octobre, en d\u00e9but de soir\u00e9e d\u2019Halloween, dans plusieurs communes de&hellip;\n","protected":false},"author":2,"featured_media":504005,"comment_status":"","ping_status":"","sticky":false,"template":"","format":"standard","meta":{"footnotes":""},"categories":[4],"tags":[11,62615,271,272,2730,6436,2735,274,1011,27,6434,12,25,2733,2734],"class_list":{"0":"post-504004","1":"post","2":"type-post","3":"status-publish","4":"format-standard","5":"has-post-thumbnail","7":"category-france","8":"tag-actualites","9":"tag-bourg-les-valence","10":"tag-crime","11":"tag-delit-et-contravention","12":"tag-drome","13":"tag-edition-montelimar-drome-provencale","14":"tag-edition-valence-rhone-crussol-vallee-de-la-drome","15":"tag-faits-divers-justice","16":"tag-fr","17":"tag-france","18":"tag-montelimar","19":"tag-news","20":"tag-republique-francaise","21":"tag-valence","22":"tag-valence-bassin"},"share_on_mastodon":{"url":"https:\/\/pubeurope.com\/@fr\/115473202854800663","error":""},"_links":{"self":[{"href":"https:\/\/www.europesays.com\/fr\/wp-json\/wp\/v2\/posts\/504004","targetHints":{"allow":["GET"]}}],"collection":[{"href":"https:\/\/www.europesays.com\/fr\/wp-json\/wp\/v2\/posts"}],"about":[{"href":"https:\/\/www.europesays.com\/fr\/wp-json\/wp\/v2\/types\/post"}],"author":[{"embeddable":true,"href":"https:\/\/www.europesays.com\/fr\/wp-json\/wp\/v2\/users\/2"}],"replies":[{"embeddable":true,"href":"https:\/\/www.europesays.com\/fr\/wp-json\/wp\/v2\/comments?post=504004"}],"version-history":[{"count":0,"href":"https:\/\/www.europesays.com\/fr\/wp-json\/wp\/v2\/posts\/504004\/revisions"}],"wp:featuredmedia":[{"embeddable":true,"href":"https:\/\/www.europesays.com\/fr\/wp-json\/wp\/v2\/media\/504005"}],"wp:attachment":[{"href":"https:\/\/www.europesays.com\/fr\/wp-json\/wp\/v2\/media?parent=504004"}],"wp:term":[{"taxonomy":"category","embeddable":true,"href":"https:\/\/www.europesays.com\/fr\/wp-json\/wp\/v2\/categories?post=504004"},{"taxonomy":"post_tag","embeddable":true,"href":"https:\/\/www.europesays.com\/fr\/wp-json\/wp\/v2\/tags?post=504004"}],"curies":[{"name":"wp","href":"https:\/\/api.w.org\/{rel}","templated":true}]}}