{"id":504008,"date":"2025-11-01T07:14:15","date_gmt":"2025-11-01T07:14:15","guid":{"rendered":"https:\/\/www.europesays.com\/fr\/504008\/"},"modified":"2025-11-01T07:14:15","modified_gmt":"2025-11-01T07:14:15","slug":"une-mobilisation-citoyenne-pour-le-retour-du-train-vers-saint-etienne","status":"publish","type":"post","link":"https:\/\/www.europesays.com\/fr\/504008\/","title":{"rendered":"une mobilisation citoyenne pour le retour du train vers Saint-\u00c9tienne"},"content":{"rendered":"<p>\t\t\t\t\t\t\t\t\t\t\t<img loading=\"lazy\" decoding=\"async\" width=\"1280\" title=\"Clermont-Ferrand : une mobilisation citoyenne pour le retour du train vers Saint-\u00c9tienne\" class=\"img-fluid  mb-3\" src=\"https:\/\/www.radiorva.com\/media\/news\/clermont-ferrand-une-mobilisation-citoyenne-pour-le-retour-du-train-vers-saint-etienne_68fe5e12c2e69.webp\" alt=\"Clermont-Ferrand : une mobilisation citoyenne pour le retour du train vers Saint-\u00c9tienne\" itemprop=\"image\" height=\"720\"\/>\t\t\t\t\t\t\t\t\t\t\t\t<\/p>\n<p>Clermont-Ferrand : une mobilisation citoyenne pour le retour du train vers Saint-\u00c9tienne &#8211; RVA<\/p>\n<p itemprop=\"description\"><strong>Neuf ans apr\u00e8s l\u2019interruption du trafic entre Thiers (Puy-de-D\u00f4me) et Bo\u00ebn-sur-Lignon (Loire), des habitants se mobilisent pour r\u00e9clamer la r\u00e9ouverture de la ligne ferroviaire Clermont-Ferrand-Saint-\u00c9tienne.<\/strong><\/p>\n<p>Ferm\u00e9e en 2016 pour raisons de s\u00e9curit\u00e9 en raison du mauvais \u00e9tat des infrastructures, la portion devait initialement faire l\u2019objet de travaux dans le cadre du Contrat de Plan \u00c9tat-R\u00e9gion 2015-2020, finalement annul\u00e9s par la R\u00e9gion Auvergne-Rh\u00f4ne-Alpes. Depuis, la voie laiss\u00e9e \u00e0 l\u2019abandon est envahie par la v\u00e9g\u00e9tation, au grand d\u00e9sarroi des riverains.<\/p>\n<p>Face \u00e0 ce qu\u2019ils consid\u00e8rent comme une inaction de la R\u00e9gion Auvergne-Rh\u00f4ne-Alpes, de l\u2019\u00c9tat et de SNCF R\u00e9seau, plusieurs collectifs pr\u00e9voient une op\u00e9ration symbolique de d\u00e9broussaillage citoyen le samedi 8 novembre \u00e0 Noir\u00e9table, baptis\u00e9e \u201cRetrouvons la ligne\u201d. Une prise de parole publique aura lieu sur place \u00e0 10h pour rappeler les enjeux du projet et pr\u00e9senter les actions des organisateurs.<\/p>\n<p>L\u2019initiative est port\u00e9e par l\u2019association LeTrain634269, engag\u00e9e depuis 2020 pour la r\u00e9ouverture du tron\u00e7on, et le mouvement Extinction R\u00e9bellion Saint-\u00c9tienne. Les organisateurs soulignent l\u2019importance du train comme mode de transport \u00e9cologique et inclusif, capable de relier les territoires ruraux aux m\u00e9tropoles.<\/p>\n<p>Selon un rapport du CEREMA de 2023, la remise en service de la ligne permettrait des \u00e9conomies d\u2019exploitation estim\u00e9es \u00e0 plus d\u2019un million d\u2019euros par an, tout en redonnant vie \u00e0 un bassin de population aujourd\u2019hui enclav\u00e9.<\/p>\n","protected":false},"excerpt":{"rendered":"Clermont-Ferrand : une mobilisation citoyenne pour le retour du train vers Saint-\u00c9tienne &#8211; RVA Neuf ans apr\u00e8s l\u2019interruption&hellip;\n","protected":false},"author":2,"featured_media":504009,"comment_status":"","ping_status":"","sticky":false,"template":"","format":"standard","meta":{"footnotes":""},"categories":[9653],"tags":[1111,11,6733,2430,7736,650,2313,7734,2889,2263,1777,674,9375,1011,27,6417,1114,4662,12,3725,1825,9374,25,9373,4001,9376,7737],"class_list":{"0":"post-504008","1":"post","2":"type-post","3":"status-publish","4":"format-standard","5":"has-post-thumbnail","7":"category-saint-etienne","8":"tag-actu","9":"tag-actualites","10":"tag-auvergne","11":"tag-auvergne-rhone-alpes","12":"tag-cds","13":"tag-cinema","14":"tag-clermont","15":"tag-ecoute","16":"tag-emission","17":"tag-equipe","18":"tag-eu","19":"tag-europe","20":"tag-ferrand","21":"tag-fr","22":"tag-france","23":"tag-information","24":"tag-infos","25":"tag-journal","26":"tag-news","27":"tag-podcast","28":"tag-radio","29":"tag-radiorva","30":"tag-republique-francaise","31":"tag-rva","32":"tag-saint-etienne","33":"tag-thiers","34":"tag-winamp"},"share_on_mastodon":{"url":"https:\/\/pubeurope.com\/@fr\/115473211291421266","error":""},"_links":{"self":[{"href":"https:\/\/www.europesays.com\/fr\/wp-json\/wp\/v2\/posts\/504008","targetHints":{"allow":["GET"]}}],"collection":[{"href":"https:\/\/www.europesays.com\/fr\/wp-json\/wp\/v2\/posts"}],"about":[{"href":"https:\/\/www.europesays.com\/fr\/wp-json\/wp\/v2\/types\/post"}],"author":[{"embeddable":true,"href":"https:\/\/www.europesays.com\/fr\/wp-json\/wp\/v2\/users\/2"}],"replies":[{"embeddable":true,"href":"https:\/\/www.europesays.com\/fr\/wp-json\/wp\/v2\/comments?post=504008"}],"version-history":[{"count":0,"href":"https:\/\/www.europesays.com\/fr\/wp-json\/wp\/v2\/posts\/504008\/revisions"}],"wp:featuredmedia":[{"embeddable":true,"href":"https:\/\/www.europesays.com\/fr\/wp-json\/wp\/v2\/media\/504009"}],"wp:attachment":[{"href":"https:\/\/www.europesays.com\/fr\/wp-json\/wp\/v2\/media?parent=504008"}],"wp:term":[{"taxonomy":"category","embeddable":true,"href":"https:\/\/www.europesays.com\/fr\/wp-json\/wp\/v2\/categories?post=504008"},{"taxonomy":"post_tag","embeddable":true,"href":"https:\/\/www.europesays.com\/fr\/wp-json\/wp\/v2\/tags?post=504008"}],"curies":[{"name":"wp","href":"https:\/\/api.w.org\/{rel}","templated":true}]}}