{"id":504014,"date":"2025-11-01T07:17:50","date_gmt":"2025-11-01T07:17:50","guid":{"rendered":"https:\/\/www.europesays.com\/fr\/504014\/"},"modified":"2025-11-01T07:17:50","modified_gmt":"2025-11-01T07:17:50","slug":"100-sports-le-nancy-fc-est-bien-sur-les-rails-il-batit-son-avenir-sur-sa-jeunesse-2","status":"publish","type":"post","link":"https:\/\/www.europesays.com\/fr\/504014\/","title":{"rendered":"100% SPORTS\u00a0: le Nancy FC est bien sur les rails, il b\u00e2tit son avenir sur sa jeunesse"},"content":{"rendered":"<p>Le Nancy FC, n\u00e9 des cendres de la section foot de la MJC Pichon, s&rsquo;affirme comme un club d&rsquo;avenir avec ses 350 licenci\u00e9s. Deuxi\u00e8me en D1, l&rsquo;\u00e9quipe fanion mise sur la formation des jeunes (U17 R2, U15 R2, U14 R1) pour monter. Pour les s\u00e9niors, l&rsquo;objectif est clair\u00a0:\u00a0acc\u00e9der en R3.  <\/p>\n<p>Quelques mois apr\u00e8s sa cr\u00e9ation, suite \u00e0 la disparition de la section football de la MJC Pichon, <strong>le Nancy FC<\/strong> s\u2019est rapidement impos\u00e9 comme un acteur majeur du football amateur local. Le club, qui compte d\u00e9j\u00e0 300 licenci\u00e9s, met tout en \u0153uvre pour s&rsquo;appuyer sur la formation des jeunes afin de p\u00e9renniser son \u00e9quipe fanion.<\/p>\n<p>L&rsquo;organisation de la formation est la cl\u00e9 de vo\u00fbte du projet. L\u2019objectif est de d\u00e9velopper une fili\u00e8re solide, capable d&rsquo;int\u00e9grer progressivement les jeunes talents dans l&rsquo;\u00e9quipe senior. Cette strat\u00e9gie porte d\u00e9j\u00e0 ses fruits, comme en t\u00e9moigne la position des \u00e9quipes de jeunes\u00a0: les U17 et U15 et U14\u00a0\u00e9voluent toutes au niveau R\u00e9gional. Ces r\u00e9sultats sont un indicateur fort de la qualit\u00e9 du vivier nanc\u00e9ien.<\/p>\n<p>C\u00f4t\u00e9 seniors, l&rsquo;\u00e9quipe fanion r\u00e9alise un excellent d\u00e9but de saison et occupe la deuxi\u00e8me place de son groupe en <a target=\"_blank\" rel=\"nofollow noopener noreferrer\" class=\"IciLink ici-link IciArticleLink g-ici-body-regular-1 underline brand svelte-lu7k6w\" href=\"https:\/\/c.republicain-lorrain.fr\/sport\/classement\/football\/departemental-district-meurthe-et-moselle-seniors-d1-groupe-b\">D1 d\u00e9partementale<\/a>. Cette position ouvre la voie \u00e0 une mont\u00e9e rapide vers les championnats de Ligue (R\u00e9gional 3). Les dirigeants n&rsquo;en font pas un secret\u00a0: l&rsquo;ambition est de s&rsquo;extraire du d\u00e9partemental pour rejoindre le niveau r\u00e9gional.<\/p>\n<p>Pour le Nancy FC, la mont\u00e9e ne sera un succ\u00e8s que si elle s\u2019accompagne de l&rsquo;int\u00e9gration r\u00e9ussie des joueurs form\u00e9s au club. C&rsquo;est sur ce mod\u00e8le de croissance organique que le club b\u00e2tit son avenir \u00e0 long terme c&rsquo;est ce que confirme\u00a0Karem Bouaoussay, responsable du sportif au Nancy FC , au micro de Laurent Pilloni dans <strong>100% SPORTS.<\/strong><\/p>\n<p>\u00c0 \u00e9couter aussi   <img decoding=\"async\" src=\"https:\/\/www.europesays.com\/fr\/wp-content\/uploads\/2025\/11\/1761981470_970_200x200\" alt=\"Le GSA Tomblaine est un club en progression constante et la venue de l'ASNL en Coupe de France vient valider tout un travail\" style=\"--_image-preview:url('data:image\/jpeg;base64,\/9j\/2wBDACgcHiMeGSgjISMtKygwPGRBPDc3PHtYXUlkkYCZlo+AjIqgtObDoKrarYqMyP\/L2u71\/\/\/\/m8H\/\/\/\/6\/+b9\/\/j\/2wBDASstLTw1PHZBQXb4pYyl+Pj4+Pj4+Pj4+Pj4+Pj4+Pj4+Pj4+Pj4+Pj4+Pj4+Pj4+Pj4+Pj4+Pj4+Pj4+Pj4+Pj\/wAARCAAqACoDASIAAhEBAxEB\/8QAGQAAAwEBAQAAAAAAAAAAAAAAAQIDAAQF\/8QAGBABAQEBAQAAAAAAAAAAAAAAAAECERL\/xAAXAQEBAQEAAAAAAAAAAAAAAAABAAID\/8QAFREBAQAAAAAAAAAAAAAAAAAAABH\/2gAMAwEAAhEDEQA\/APPFmdmGNIEPmIjIbybMP5FEcbAPVWjQ+U5T5rNS2VEs0\/RTHD0OgyBpT5qR8orZqnUsqAv\/2Q==');\" loading=\"lazy\" fetchpriority=\"low\" aria-hidden=\"true\" class=\"svelte-1pnmlwx rounded\" onload=\"this.__e=event\" onerror=\"this.__e=event\"\/><\/p>\n","protected":false},"excerpt":{"rendered":"Le Nancy FC, n\u00e9 des cendres de la section foot de la MJC Pichon, s&rsquo;affirme comme un club&hellip;\n","protected":false},"author":2,"featured_media":504015,"comment_status":"","ping_status":"","sticky":false,"template":"","format":"standard","meta":{"footnotes":""},"categories":[9635],"tags":[1111,11,1777,674,1011,27,775,1702,12,25],"class_list":{"0":"post-504014","1":"post","2":"type-post","3":"status-publish","4":"format-standard","5":"has-post-thumbnail","7":"category-nancy","8":"tag-actu","9":"tag-actualites","10":"tag-eu","11":"tag-europe","12":"tag-fr","13":"tag-france","14":"tag-grand-est","15":"tag-nancy","16":"tag-news","17":"tag-republique-francaise"},"share_on_mastodon":{"url":"https:\/\/pubeurope.com\/@fr\/115473227099141570","error":""},"_links":{"self":[{"href":"https:\/\/www.europesays.com\/fr\/wp-json\/wp\/v2\/posts\/504014","targetHints":{"allow":["GET"]}}],"collection":[{"href":"https:\/\/www.europesays.com\/fr\/wp-json\/wp\/v2\/posts"}],"about":[{"href":"https:\/\/www.europesays.com\/fr\/wp-json\/wp\/v2\/types\/post"}],"author":[{"embeddable":true,"href":"https:\/\/www.europesays.com\/fr\/wp-json\/wp\/v2\/users\/2"}],"replies":[{"embeddable":true,"href":"https:\/\/www.europesays.com\/fr\/wp-json\/wp\/v2\/comments?post=504014"}],"version-history":[{"count":0,"href":"https:\/\/www.europesays.com\/fr\/wp-json\/wp\/v2\/posts\/504014\/revisions"}],"wp:featuredmedia":[{"embeddable":true,"href":"https:\/\/www.europesays.com\/fr\/wp-json\/wp\/v2\/media\/504015"}],"wp:attachment":[{"href":"https:\/\/www.europesays.com\/fr\/wp-json\/wp\/v2\/media?parent=504014"}],"wp:term":[{"taxonomy":"category","embeddable":true,"href":"https:\/\/www.europesays.com\/fr\/wp-json\/wp\/v2\/categories?post=504014"},{"taxonomy":"post_tag","embeddable":true,"href":"https:\/\/www.europesays.com\/fr\/wp-json\/wp\/v2\/tags?post=504014"}],"curies":[{"name":"wp","href":"https:\/\/api.w.org\/{rel}","templated":true}]}}