{"id":50402,"date":"2025-04-24T23:52:08","date_gmt":"2025-04-24T23:52:08","guid":{"rendered":"https:\/\/www.europesays.com\/fr\/50402\/"},"modified":"2025-04-24T23:52:08","modified_gmt":"2025-04-24T23:52:08","slug":"attaque-meurtriere-dans-un-lycee-a-nantes-le-suspect-justin-p-interne-en-psychiatrie-apres-un-examen","status":"publish","type":"post","link":"https:\/\/www.europesays.com\/fr\/50402\/","title":{"rendered":"Attaque meurtri\u00e8re dans un lyc\u00e9e \u00e0 Nantes\u00a0: le suspect Justin P. intern\u00e9 en psychiatrie apr\u00e8s un examen"},"content":{"rendered":"<p class=\"paragraph text_align_left\">Qu\u2019est ce qui a pouss\u00e9 Justin P. \u00e0 attaquer ses camarades\u00a0? Le suspect de <a href=\"https:\/\/www.leparisien.fr\/faits-divers\/agression-meurtriere-de-nantes-il-sen-est-pris-a-un-de-ses-amis-on-narrive-pas-a-comprendre-qui-etait-vise-24-04-2025-K2XBAYZHBNECLLRACHGEZKL7TI.php\" target=\"_blank\" rel=\"nofollow noopener\">l\u2019attaque au coll\u00e8ge-lyc\u00e9e Notre-Dame de Toutes-Aides<\/a> \u00e0 Nantes (Loire-Atlantique), a \u00e9t\u00e9 intern\u00e9 en psychiatrie ce jeudi soir, selon les informations du Parisien. Sa garde \u00e0 vue ayant \u00e9t\u00e9 lev\u00e9e dans la soir\u00e9e.<\/p>\n<p class=\"paragraph text_align_left\">\u00ab\u00a0Le psychiatre ayant proc\u00e9d\u00e9 \u00e0 l\u2019examen du mis en cause a conclu \u00e0 l\u2019incompatibilit\u00e9 de son \u00e9tat de sant\u00e9 avec la mesure de garde \u00e0 vue en cours\u00a0\u00bb, a ensuite confirm\u00e9 le procureur de la R\u00e9publique de Nantes Antoine Leroy. L\u2019adolescent a \u00e9t\u00e9 hospitalis\u00e9 sous contrainte en psychiatrie dans la soir\u00e9e, toujours selon le magistrat.<\/p>\n<p class=\"title-embed-dailymotion lp-color-text lp-f-subtitle-04\">Vid\u00e9oUne lyc\u00e9enne meurt poignard\u00e9e par une camarade \u00e0 Nantes<\/p>\n<p class=\"paragraph text_align_left\">Plus t\u00f4t dans la journ\u00e9e, une lyc\u00e9enne a \u00e9t\u00e9 tu\u00e9e et trois autres bless\u00e9s \u00e0 coups de couteau par Justin P, pour une raison encore inconnue. L\u2019adolescent a ensuite \u00e9t\u00e9 ma\u00eetris\u00e9 par le corps enseignant et interpell\u00e9. Avant de passer \u00e0 l\u2019acte, l\u2019\u00e9l\u00e8ve de seconde avait adress\u00e9 un mail \u00e0 toutes les classes de seconde afin de partager son \u00ab\u00a0manifeste\u00a0\u00bb, <a href=\"https:\/\/www.leparisien.fr\/faits-divers\/attaque-au-couteau-de-nantes-que-contient-le-manifeste-envoye-a-tous-les-lyceens-par-justin-p-le-principal-suspect-24-04-2025-M24IGZWZQFCKBB6F2QMAIDZYFU.php\" target=\"_blank\" rel=\"nofollow noopener\">un texte de 13 pages<\/a> dans lequel il appelle notamment \u00e0 combattre \u00ab\u00a0l\u2019\u00e9cocide globalis\u00e9\u00a0\u00bb ainsi que \u00ab\u00a0l\u2019ali\u00e9nation\u00a0\u00bb provoqu\u00e9e par le syst\u00e8me.<\/p>\n<p>Un profil psychologique qui intrigue<\/p>\n<p class=\"paragraph text_align_left\"><a href=\"https:\/\/www.leparisien.fr\/faits-divers\/attaque-au-couteau-dans-un-lycee-a-nantes-qui-est-justin-p-le-principal-suspect-24-04-2025-XJBAQ4UZGNB2BA7IGYYYEVOHDU.php\" target=\"_blank\" rel=\"nofollow noopener\">Le profil du jeune gar\u00e7on pose question<\/a>. De source proche de l\u2019enqu\u00eate, le gar\u00e7on aurait \u00e9t\u00e9 convoqu\u00e9 r\u00e9cemment par la direction, pour des dessins griffonn\u00e9s \u00e0 la gloire du IIIe\u00a0Reich. Inconnu au service de traitement des ant\u00e9c\u00e9dents judiciaires (TAJ), mais aussi des services de police et de renseignement, l\u2019adolescent aurait des tendances \u00ab\u00a0suicidaires\u00a0\u00bb, selon nos informations. Lors de son interpellation, il aurait demand\u00e9 \u00e0 l\u2019un des policiers de \u00ab\u00a0lui tirer une balle dans la t\u00eate\u00a0\u00bb, a-t-on appris.<\/p>\n<p class=\"paragraph text_align_left\">Apr\u00e8s s\u2019\u00eatre rendue dans le lyc\u00e9e en fin d\u2019apr\u00e8s-midi aux c\u00f4t\u00e9s de son coll\u00e8gue de l\u2019Int\u00e9rieur Bruno Retailleau, la ministre de l\u2019\u00c9ducation <a href=\"https:\/\/www.leparisien.fr\/politique\/elisabeth-borne\/\" target=\"_blank\" rel=\"nofollow noopener\">\u00c9lisabeth Borne<\/a> a indiqu\u00e9 qu\u2019il n\u2019y avait \u00ab\u00a0pas de garantie\u00a0\u00bb qu\u2019un des trois jeunes bless\u00e9s soit \u00ab\u00a0totalement tir\u00e9 d\u2019affaire\u00a0\u00bb. Selon <a href=\"https:\/\/www.leparisien.fr\/politique\/bruno-retailleau\/\" target=\"_blank\" rel=\"nofollow noopener\">Bruno Retailleau<\/a>, qui s\u2019est \u00e9galement rendu \u00e0 Nantes, cette attaque mortelle n\u2019est \u00ab\u00a0pas un fait divers mais un fait de soci\u00e9t\u00e9\u00a0\u00bb, <a href=\"https:\/\/www.leparisien.fr\/faits-divers\/direct-attaque-au-couteau-dans-un-lycee-a-nantes-elisabeth-borne-et-bruno-retailleau-attendus-sur-place-24-04-2025-K5WB4V373JC6FM2XV3SF4BJQ54.php\" target=\"_blank\" rel=\"nofollow noopener\">d\u00e9non\u00e7ant \u00ab\u00a0l\u2019ensauvagement\u00a0\u00bb de la soci\u00e9t\u00e9<\/a>.<\/p>\n<p class=\"paragraph text_align_left\"><a href=\"https:\/\/www.leparisien.fr\/politique\/emmanuel-macron\/\" target=\"_blank\" rel=\"nofollow noopener\">Emmanuel Macron<\/a> a aussi r\u00e9agi \u00e0 ce drame. \u00ab\u00a0J\u2019adresse mes pens\u00e9es \u00e9mues aux familles, aux lyc\u00e9ens et \u00e0 toute la communaut\u00e9 \u00e9ducative dont la Nation partage le choc et la peine. Par leur intervention, des professeurs ont sans doute emp\u00each\u00e9 d\u2019autres drames. Leur courage force le respect\u00a0\u00bb, a \u00e9crit sur X le pr\u00e9sident de la R\u00e9publique. <a href=\"https:\/\/www.leparisien.fr\/politique\/francois-bayrou\/\" target=\"_blank\" rel=\"nofollow noopener\">Fran\u00e7ois Bayrou<\/a> a lui estim\u00e9 que l\u2019installation de portiques \u00e0 l\u2019entr\u00e9e des \u00e9tablissements scolaires \u00e9tait \u00ab\u00a0une piste\u00a0\u00bb <a href=\"https:\/\/www.leparisien.fr\/faits-divers\/fouille-des-sacs-a-lecole-il-na-pas-assez-de-ressources-humaines-pour-assurer-une-presence-reguliere-24-04-2025-TUQ3MWVAINAUNJPO5LXR7RJC6E.php\" target=\"_blank\" rel=\"nofollow noopener\">pour \u00e9viter de nouvelles attaques au couteau<\/a> dans les \u00e9coles.<\/p>\n","protected":false},"excerpt":{"rendered":"Qu\u2019est ce qui a pouss\u00e9 Justin P. \u00e0 attaquer ses camarades\u00a0? Le suspect de l\u2019attaque au coll\u00e8ge-lyc\u00e9e Notre-Dame&hellip;\n","protected":false},"author":2,"featured_media":50403,"comment_status":"","ping_status":"","sticky":false,"template":"","format":"standard","meta":{"footnotes":""},"categories":[2818],"tags":[1111,11,459,1777,674,118,1011,27,766,12,2636,25],"class_list":{"0":"post-50402","1":"post","2":"type-post","3":"status-publish","4":"format-standard","5":"has-post-thumbnail","7":"category-nantes","8":"tag-actu","9":"tag-actualites","10":"tag-departements-horsidfo","11":"tag-eu","12":"tag-europe","13":"tag-faits-divers","14":"tag-fr","15":"tag-france","16":"tag-nantes","17":"tag-news","18":"tag-pays-de-la-loire","19":"tag-republique-francaise"},"share_on_mastodon":{"url":"https:\/\/pubeurope.com\/@fr\/114395633622500469","error":""},"_links":{"self":[{"href":"https:\/\/www.europesays.com\/fr\/wp-json\/wp\/v2\/posts\/50402","targetHints":{"allow":["GET"]}}],"collection":[{"href":"https:\/\/www.europesays.com\/fr\/wp-json\/wp\/v2\/posts"}],"about":[{"href":"https:\/\/www.europesays.com\/fr\/wp-json\/wp\/v2\/types\/post"}],"author":[{"embeddable":true,"href":"https:\/\/www.europesays.com\/fr\/wp-json\/wp\/v2\/users\/2"}],"replies":[{"embeddable":true,"href":"https:\/\/www.europesays.com\/fr\/wp-json\/wp\/v2\/comments?post=50402"}],"version-history":[{"count":0,"href":"https:\/\/www.europesays.com\/fr\/wp-json\/wp\/v2\/posts\/50402\/revisions"}],"wp:featuredmedia":[{"embeddable":true,"href":"https:\/\/www.europesays.com\/fr\/wp-json\/wp\/v2\/media\/50403"}],"wp:attachment":[{"href":"https:\/\/www.europesays.com\/fr\/wp-json\/wp\/v2\/media?parent=50402"}],"wp:term":[{"taxonomy":"category","embeddable":true,"href":"https:\/\/www.europesays.com\/fr\/wp-json\/wp\/v2\/categories?post=50402"},{"taxonomy":"post_tag","embeddable":true,"href":"https:\/\/www.europesays.com\/fr\/wp-json\/wp\/v2\/tags?post=50402"}],"curies":[{"name":"wp","href":"https:\/\/api.w.org\/{rel}","templated":true}]}}