{"id":504024,"date":"2025-11-01T07:24:18","date_gmt":"2025-11-01T07:24:18","guid":{"rendered":"https:\/\/www.europesays.com\/fr\/504024\/"},"modified":"2025-11-01T07:24:18","modified_gmt":"2025-11-01T07:24:18","slug":"8-ans-de-prison-prononces-a-grenoble","status":"publish","type":"post","link":"https:\/\/www.europesays.com\/fr\/504024\/","title":{"rendered":"8 ans de prison prononc\u00e9s \u00e0 Grenoble"},"content":{"rendered":"<p>\t\t\t\t\t\t\t\t\t\t\t<img loading=\"lazy\" decoding=\"async\" width=\"1280\" title=\"Le Malien avait mis enceinte sa belle-fille de 12 ans : 8 ans de prison prononc\u00e9s \u00e0 Grenoble\" class=\"img-fluid  mb-3\" src=\"https:\/\/grandgrenoble.alpes1.com\/media\/news\/le-malien-avait-mis-enceinte-sa-belle-fille-de-12-ans-8-ans-de-prison-prononces-a-grenoble_6905b3a885b0f.webp\" alt=\"Le Malien avait mis enceinte sa belle-fille de 12 ans : 8 ans de prison prononc\u00e9s \u00e0 Grenoble\" itemprop=\"image\" height=\"720\"\/>\t\t\t\t\t\t\t\t\t\t\t\t<\/p>\n<p>Le Malien avait mis enceinte sa belle-fille de 12 ans : 8 ans de prison prononc\u00e9s \u00e0 Grenoble &#8211; DR<\/p>\n<p itemprop=\"description\"><strong>C&rsquo;est un dossier r\u00e9voltant qui est arriv\u00e9 entre les mains des juges de la cour criminelle de Grenoble ce vendredi.<\/strong><\/p>\n<p>Un ressortissant malien a \u00e9t\u00e9 jug\u00e9 pour le viol de sa belle-fille, \u00e2g\u00e9e de 12 ans au moment des faits en 2019.<\/p>\n<p>L&rsquo;adolescente, arriv\u00e9e dans la capitale des Alpes quelques ann\u00e9es plus t\u00f4t de C\u00f4te-d&rsquo;Ivoire avec sa m\u00e8re, \u00e9tait ensuite tomb\u00e9e enceinte. Suite \u00e0 l&rsquo;IGV r\u00e9alis\u00e9e, le foetus avait \u00e9t\u00e9 analys\u00e9 pour permettre de d\u00e9terminer l&rsquo;identit\u00e9 du g\u00e9niteur. Il s&rsquo;agissait bien du beau-p\u00e8re.<\/p>\n<p>Plac\u00e9e depuis six ans, la victime a vu sa m\u00e8re poursuivre sa vie avec son violeur, avec qui elle a eu ensuite cinq enfants.<\/p>\n<p>Selon le Dauphin\u00e9 Lib\u00e9r\u00e9, elle a finalement chang\u00e9 de version lors de l&rsquo;audience ce vendredi, d\u00e9clarant n&rsquo;avoir eu aucune relation sexuelle impos\u00e9e avec son beau-p\u00e8re, et que le v\u00e9ritable g\u00e9niteur \u00e9tait un myst\u00e9rieux petit ami.<\/p>\n<p>Une version qui n&rsquo;a \u00e9videmment convaincue personne, compte-tenu de l&rsquo;analyse g\u00e9n\u00e9tique qui avait prouv\u00e9 que le Malien \u00e9tait bien le responsable de cet acte incestueux.<\/p>\n<p>Ce dernier a \u00e9t\u00e9 condamn\u00e9 \u00e0 8 ans de prison, alors que le parquet avait r\u00e9clam\u00e9 12 ans de r\u00e9clusion criminelle et une interdiction de territoire fran\u00e7ais de 15 ans.<\/p>\n","protected":false},"excerpt":{"rendered":"Le Malien avait mis enceinte sa belle-fille de 12 ans : 8 ans de prison prononc\u00e9s \u00e0 Grenoble&hellip;\n","protected":false},"author":2,"featured_media":504025,"comment_status":"","ping_status":"","sticky":false,"template":"","format":"standard","meta":{"footnotes":""},"categories":[9566],"tags":[1111,11,7733,8279,2430,7736,650,7734,2889,2263,1777,674,1011,27,2731,8280,6417,1114,108,4662,12,3725,1825,25,7737],"class_list":{"0":"post-504024","1":"post","2":"type-post","3":"status-publish","4":"format-standard","5":"has-post-thumbnail","7":"category-grenoble","8":"tag-actu","9":"tag-actualites","10":"tag-alpes","11":"tag-alpes1","12":"tag-auvergne-rhone-alpes","13":"tag-cds","14":"tag-cinema","15":"tag-ecoute","16":"tag-emission","17":"tag-equipe","18":"tag-eu","19":"tag-europe","20":"tag-fr","21":"tag-france","22":"tag-grenoble","23":"tag-haute","24":"tag-information","25":"tag-infos","26":"tag-isere","27":"tag-journal","28":"tag-news","29":"tag-podcast","30":"tag-radio","31":"tag-republique-francaise","32":"tag-winamp"},"share_on_mastodon":{"url":"https:\/\/pubeurope.com\/@fr\/115473250504931786","error":""},"_links":{"self":[{"href":"https:\/\/www.europesays.com\/fr\/wp-json\/wp\/v2\/posts\/504024","targetHints":{"allow":["GET"]}}],"collection":[{"href":"https:\/\/www.europesays.com\/fr\/wp-json\/wp\/v2\/posts"}],"about":[{"href":"https:\/\/www.europesays.com\/fr\/wp-json\/wp\/v2\/types\/post"}],"author":[{"embeddable":true,"href":"https:\/\/www.europesays.com\/fr\/wp-json\/wp\/v2\/users\/2"}],"replies":[{"embeddable":true,"href":"https:\/\/www.europesays.com\/fr\/wp-json\/wp\/v2\/comments?post=504024"}],"version-history":[{"count":0,"href":"https:\/\/www.europesays.com\/fr\/wp-json\/wp\/v2\/posts\/504024\/revisions"}],"wp:featuredmedia":[{"embeddable":true,"href":"https:\/\/www.europesays.com\/fr\/wp-json\/wp\/v2\/media\/504025"}],"wp:attachment":[{"href":"https:\/\/www.europesays.com\/fr\/wp-json\/wp\/v2\/media?parent=504024"}],"wp:term":[{"taxonomy":"category","embeddable":true,"href":"https:\/\/www.europesays.com\/fr\/wp-json\/wp\/v2\/categories?post=504024"},{"taxonomy":"post_tag","embeddable":true,"href":"https:\/\/www.europesays.com\/fr\/wp-json\/wp\/v2\/tags?post=504024"}],"curies":[{"name":"wp","href":"https:\/\/api.w.org\/{rel}","templated":true}]}}