{"id":504028,"date":"2025-11-01T07:26:37","date_gmt":"2025-11-01T07:26:37","guid":{"rendered":"https:\/\/www.europesays.com\/fr\/504028\/"},"modified":"2025-11-01T07:26:37","modified_gmt":"2025-11-01T07:26:37","slug":"artifices-produits-dangereux-voici-ce-qui-est-interdit-en-ille-et-vilaine-pour-halloween","status":"publish","type":"post","link":"https:\/\/www.europesays.com\/fr\/504028\/","title":{"rendered":"Artifices, produits dangereux&#8230; Voici ce qui est interdit en Ille-et-Vilaine, pour Halloween"},"content":{"rendered":"<p>            Par<br \/>\n        <strong><br \/>\n            <a href=\"https:\/\/actu.fr\/auteur\/clemence-pays02-actu-fr\" title=\"Consulter tous les articles de Cl\u00e9mence Pays\" rel=\"nofollow noopener\" target=\"_blank\">Cl\u00e9mence Pays<\/a><br \/>\n        <\/strong><\/p>\n<p>        Publi\u00e9 le<\/p>\n<p>            28 oct. 2025 \u00e0 17h59        <\/p>\n<p><a href=\"https:\/\/actu.fr\/tag\/halloween\" rel=\"nofollow noopener\" target=\"_blank\">Halloween<\/a> approche avec son lot de restrictions. Mardi 28 octobre 2025, le <strong>pr\u00e9fet d\u2019Ille-et-Vilaine,<\/strong> <a href=\"https:\/\/actu.fr\/bretagne\/rennes_35238\/qui-est-amaury-de-saint-quentin-le-nouveau-prefet-de-bretagne-et-d-ille-et-vilaine_61721038.html\" rel=\"nofollow noopener\" target=\"_blank\">Amaury de Saint-Quentin<\/a>, a pris <strong>deux arr\u00eat\u00e9s<\/strong> \u00ab\u2009d\u00e9finissant un ensemble de mesures n\u00e9cessaires au bon d\u00e9roulement\u2009\u00bb des festivit\u00e9s du vendredi 31\u00a0octobre.<\/p>\n<p>Les artifices et produits dangereux concern\u00e9s<\/p>\n<p class=\" wall-content\">Ainsi, <strong>du mardi 28\u00a0octobre, \u00e0 12h, au lundi 3\u00a0novembre, \u00e0 8h,<\/strong> dans toutes les communes du d\u00e9partement\u2009:<\/p>\n<ul class=\" wall-content\">\n<li><strong>l\u2019achat, la vente et la cession d\u2019artifices de divertissement et d\u2019articles pyrotechniques<\/strong> (cat\u00e9gories F4, F2 et F3) sont interdits aux particuliers et \u00e0 toutes les personnes ne disposant pas d\u2019un certificat de qualification ou un agr\u00e9ment pr\u00e9fectoral. L\u2019utilisation, le port et le transport d\u2019artifices de divertissement, de mortier et articles pyrotechniques de cat\u00e9gories F4, F2 et F3, sans motif l\u00e9gitime ou hors utilisation professionnelle, sont interdits\u2009;<\/li>\n<li><strong>l\u2019acquisition de bouteilles ou bidons contenant des produits chimiques, des substances ou des m\u00e9langes dangereux, inflammables, corrosifs ou explosifs,<\/strong> sous la forme liquide, solide ou gazeuse par des <strong>personnes mineures<\/strong> est interdite. Pour les <strong>personnes majeures,<\/strong> elle est assujettie \u00e0 la pr\u00e9sentation d\u2019une pi\u00e8ce d\u2019identit\u00e9 et le vendeur (\u00e9tablissements commerciaux ou stations-service) devra enregistrer les \u00e9l\u00e9ments permettant d\u2019identifier l\u2019acheteur. Le port et le transport de bouteilles ou bidons contenant des produits chimiques, des substances ou des m\u00e9langes dangereux, inflammables, corrosifs ou explosifs, sous la forme liquide, solide ou gazeuse, sans motif l\u00e9gitime, sont interdits dans le d\u00e9partement d\u2019Ille-et-Vilaine.<\/li>\n<\/ul>\n<p>\u00ab\u2009N\u2019appelez pas les services de secours pour plaisanter\u2009\u00bb<\/p>\n<p class=\" wall-content\">Dans son communiqu\u00e9, la pr\u00e9fecture a tenu \u00e0 mentionner \u00ab\u2009quelques <strong>conseils<\/strong> pour s\u2019amuser en toute s\u00e9curit\u00e9\u2009\u00bb.<\/p>\n<p class=\" wall-content\">Elle rappelle que<strong> \u00ab\u2009les mineurs doivent \u00eatre accompagn\u00e9s d\u2019au moins un adulte\u2009\u00bb.<\/strong> Les enfants sont invit\u00e9s \u00e0 rester group\u00e9s et \u00e0 <strong>ne pas entrer dans les maisons.<\/strong><\/p>\n<p class=\" wall-content\">Les<strong> v\u00eatements clairs et r\u00e9tro-r\u00e9fl\u00e9chissants,<\/strong> lampes et lampions sont \u00e0 pr\u00e9voir pour rester visibles des automobilistes.<\/p>\n<blockquote class=\"ac-article-quote wall-content\">\n<p>N\u2019appelez pas les services de secours et de s\u00e9curit\u00e9 pour plaisanter.<\/p>\n<p>    <strong>Pr\u00e9fecture d&rsquo;Ille-et-Vilaine<\/strong><br \/>\n        Communiqu\u00e9 de presse    <\/p><\/blockquote>\n<p>Votre r\u00e9gion, votre actu !<\/p>\n<p>Recevez chaque jour les infos qui comptent pour vous.<\/p>\n<p>\t<a href=\"https:\/\/actu.fr\/newsletter\" class=\"ac-btn ac-btn--corner ac-btn--medium ac-btn--blue800\" rel=\"nofollow noopener\" target=\"_blank\">S&rsquo;incrire<\/a><\/p>\n<p class=\" wall-content\">Dernier rappel\u2009: \u00ab\u2009ne prenez pas la route apr\u00e8s avoir consomm\u00e9 de l\u2019alcool\u2009\u00bb.<\/p>\n<p class=\" wall-content\">Personnalisez votre actualit\u00e9 en ajoutant vos villes et m\u00e9dias en favori avec <a href=\"https:\/\/moncompte.actu.fr\" title=\"D\u00e9couvez Mon Actu\" rel=\"nofollow noopener\" data-trk=\"{&quot;cta&quot;:{&quot;action&quot;:&quot;https:\\\/\\\/moncompte.actu.fr&quot;,&quot;category&quot;:&quot;mon compte&quot;,&quot;from&quot;:&quot;article footer&quot;,&quot;name&quot;:&quot;Mon actu&quot;,&quot;type&quot;:&quot;cta&quot;}}\" target=\"_blank\">Mon Actu<\/a>.<\/p>\n","protected":false},"excerpt":{"rendered":"Par Cl\u00e9mence Pays Publi\u00e9 le 28 oct. 2025 \u00e0 17h59 Halloween approche avec son lot de restrictions. Mardi&hellip;\n","protected":false},"author":2,"featured_media":504029,"comment_status":"","ping_status":"","sticky":false,"template":"","format":"standard","meta":{"footnotes":""},"categories":[2821],"tags":[1111,11,829,1777,674,1011,27,20815,12,584,25,104],"class_list":{"0":"post-504028","1":"post","2":"type-post","3":"status-publish","4":"format-standard","5":"has-post-thumbnail","7":"category-rennes","8":"tag-actu","9":"tag-actualites","10":"tag-bretagne","11":"tag-eu","12":"tag-europe","13":"tag-fr","14":"tag-france","15":"tag-halloween","16":"tag-news","17":"tag-rennes","18":"tag-republique-francaise","19":"tag-societe"},"share_on_mastodon":{"url":"https:\/\/pubeurope.com\/@fr\/115473257867362979","error":""},"_links":{"self":[{"href":"https:\/\/www.europesays.com\/fr\/wp-json\/wp\/v2\/posts\/504028","targetHints":{"allow":["GET"]}}],"collection":[{"href":"https:\/\/www.europesays.com\/fr\/wp-json\/wp\/v2\/posts"}],"about":[{"href":"https:\/\/www.europesays.com\/fr\/wp-json\/wp\/v2\/types\/post"}],"author":[{"embeddable":true,"href":"https:\/\/www.europesays.com\/fr\/wp-json\/wp\/v2\/users\/2"}],"replies":[{"embeddable":true,"href":"https:\/\/www.europesays.com\/fr\/wp-json\/wp\/v2\/comments?post=504028"}],"version-history":[{"count":0,"href":"https:\/\/www.europesays.com\/fr\/wp-json\/wp\/v2\/posts\/504028\/revisions"}],"wp:featuredmedia":[{"embeddable":true,"href":"https:\/\/www.europesays.com\/fr\/wp-json\/wp\/v2\/media\/504029"}],"wp:attachment":[{"href":"https:\/\/www.europesays.com\/fr\/wp-json\/wp\/v2\/media?parent=504028"}],"wp:term":[{"taxonomy":"category","embeddable":true,"href":"https:\/\/www.europesays.com\/fr\/wp-json\/wp\/v2\/categories?post=504028"},{"taxonomy":"post_tag","embeddable":true,"href":"https:\/\/www.europesays.com\/fr\/wp-json\/wp\/v2\/tags?post=504028"}],"curies":[{"name":"wp","href":"https:\/\/api.w.org\/{rel}","templated":true}]}}