{"id":504037,"date":"2025-11-01T07:31:15","date_gmt":"2025-11-01T07:31:15","guid":{"rendered":"https:\/\/www.europesays.com\/fr\/504037\/"},"modified":"2025-11-01T07:31:15","modified_gmt":"2025-11-01T07:31:15","slug":"pres-de-nice-cette-plage-iconique-de-la-cote-dazur-va-etre-totalement-transformee","status":"publish","type":"post","link":"https:\/\/www.europesays.com\/fr\/504037\/","title":{"rendered":"Pr\u00e8s de Nice. Cette plage iconique de la C\u00f4te d&rsquo;Azur va \u00eatre totalement transform\u00e9e"},"content":{"rendered":"<p>            Par<br \/>\n        <strong><br \/>\n            <a href=\"https:\/\/actu.fr\/auteur\/ugo-maillard\" title=\"Consulter tous les articles de Ugo Maillard\" target=\"_blank\" rel=\"noopener\">Ugo Maillard<\/a><br \/>\n        <\/strong><\/p>\n<p>        Publi\u00e9 le<\/p>\n<p>            1 nov. 2025 \u00e0 8h24        <\/p>\n<p>C\u2019est un des bijoux de la C\u00f4te d\u2019Azur. R\u00e9guli\u00e8rement cit\u00e9e dans les classements des plus belles plages de France, voire du monde pour les Ni\u00e7ois, la <strong>plage de la Mala<\/strong> \u00e0 Cap-d\u2019Ail (<a href=\"https:\/\/actu.fr\/provence-alpes-cote-d-azur\/alpes-maritimes_06\" target=\"_blank\" rel=\"noopener\">Alpes-Maritimes<\/a>) s\u2019appr\u00eate \u00e0 subir des travaux importants. Depuis le mois d\u2019octobre\u00a02025, des am\u00e9nagements importants sont r\u00e9alis\u00e9s sur le site. Voici ce qui va changer sur la plage de la Mala, situ\u00e9e \u00e0 30\u00a0minutes de <a href=\"https:\/\/actu.fr\/nice\/\" target=\"_blank\" rel=\"noopener\">Nice<\/a> en voiture.<\/p>\n<p>Une promenade pi\u00e9tonne \u00e9rig\u00e9e<\/p>\n<p class=\" wall-content\">La mairie du Cap-d\u2019Ail indique \u00e0 actu Nice que la Pr\u00e9fecture a sollicit\u00e9 du pr\u00e9sident du Tribunal Administratif pour la d\u00e9signation d\u2019un commissaire enqu\u00eateur et l\u2019enqu\u00eate devrait pouvoir \u00eatre r\u00e9alis\u00e9e d\u2019ici \u00e0 la fin de l\u2019ann\u00e9e.<\/p>\n<p class=\" wall-content\">\u00ab\u2009Le contrat de concession ne pourra pas \u00eatre sign\u00e9 entre l\u2019\u00c9tat et la commune avant le printemps prochain et il prendra effet au 1\u1d49\u02b3 janvier 2026. Actuellement, seuls les travaux de d\u00e9molition de la partie d\u2019un restaurant se trouvant sur le domaine public sont en cours\u2009\u00bb, pr\u00e9cisent les services.<\/p>\n<blockquote class=\"ac-article-quote wall-content\">\n<p>Les travaux qui sont \u00e0 la charge de la commune ne pourront pas, pour l\u2019essentiel, \u00eatre r\u00e9alis\u00e9s avant le mois d\u2019octobre 2026.<\/p>\n<p>    <strong>Maire du Cap-d&rsquo;Ail<\/strong>\n            <\/p><\/blockquote>\n<p class=\" wall-content\">Accessible avec une petite randonn\u00e9e depuis le centre-ville du Cap-d\u2019Ail, la plage de la Mala offre un panorama sublime sur Beaulieu-sur-Mer et la presqu\u2019\u00eele de Saint-Jean-Cap-Ferrat.<\/p>\n<p>    <a href=\"https:\/\/www.google.com\/maps\/embed?pb=!1m18!1m12!1m3!1d17786.99003288318!2d7.395745228230008!3d43.72386669729773!2m3!1f0!2f0!3f0!3m2!1i1024!2i768!4f13.1!3m3!1m2!1s0x12cdc321f30b3b35%3A0x134f10b1f84ff9b4!2sPlage%20Mala!5e0!3m2!1sfr!2sfr!4v1761668417098!5m2!1sfr!2sfr\" title=\"Ouvrie le lien\" target=\"_blank\" rel=\"noopener\">Cliquez ici pour visualiser le contenu<\/a><\/p>\n<p class=\" wall-content\">Dans un entretien accord\u00e9 \u00e0 nos confr\u00e8res de <a href=\"https:\/\/www.nicematin.com\/societe\/urbanisme\/c-est-l-une-des-plus-belles-plages-de-la-cote-d-azur-la-mala-va-changer-de-visage-10653723\" target=\"_blank\" rel=\"noopener\">Nice Matin<\/a>, Xavier Beck, le maire, d\u00e9voile son projet pour cet \u00e9crin de verdure. En premier lieu, la mairie souhaite cr\u00e9er une promenade pi\u00e9tonne de 2,50 m\u00e8tres de large qui longera les deux \u00e9tablissements de plage depuis le sentier du bord de mer.<\/p>\n<p>Votre r\u00e9gion, votre actu !<\/p>\n<p>Recevez chaque jour les infos qui comptent pour vous.<\/p>\n<p>\t<a href=\"https:\/\/actu.fr\/newsletter\" class=\"ac-btn ac-btn--corner ac-btn--medium ac-btn--blue800\" target=\"_blank\" rel=\"noopener\">S&rsquo;incrire<\/a><\/p>\n<p class=\" wall-content\">Grande nouveaut\u00e9 sur la plage de la Mala, <strong>un snack va \u00eatre install\u00e9<\/strong> l\u2019\u00e9t\u00e9. \u00ab\u2009Les prix pratiqu\u00e9s sur la plage sont inaccessibles pour 99\u2009% de la population cap-d\u2019ailloise, justifie l\u2019\u00e9dile. On a voulu cr\u00e9er ce snack qui proposera des boissons, des glaces et des sandwichs et qui aura des tarifs encadr\u00e9s par des d\u00e9lib\u00e9rations prises chaque ann\u00e9e\u2009\u00bb, indique l\u2019\u00e9lu.<\/p>\n<p>Renforcement de la s\u00e9curit\u00e9<\/p>\n<p>Un nouveau poste de secours va \u00eatre \u00e9rig\u00e9. Dans le m\u00eame temps, un grillage et un muret anti chutes de pierre seront dress\u00e9s.<\/p>\n<p class=\" wall-content\">Enfin, les \u00e9tablissements priv\u00e9s de l\u2019Eden et de la R\u00e9serve s\u2019inscrivent dans cette restructuration avec plusieurs modifications, \u00e0 la marge.<\/p>\n<p>La plage encore accessible<\/p>\n<p class=\" wall-content\">Tous ces nouveaux am\u00e9nagements vont \u00eatre r\u00e9alis\u00e9s dans les prochains mois, mais la plage restera partiellement accessible.<\/p>\n<p>    <img   decoding=\"async\" loading=\"lazy\" src=\"https:\/\/www.europesays.com\/fr\/wp-content\/uploads\/2025\/11\/plage-mala-cap-ail-960x640.png\" alt=\"D'importants travaux vont avoir lieu sur la plage de la Mala, \u00e0 Cap-d'Ail.\" width=\"960\" height=\"640\"\/><br \/>\n    D\u2019importants travaux vont avoir lieu sur la plage de la Mala, \u00e0 Cap-d\u2019Ail. (\u00a9Ugo Maillard \/ actu Nice)<\/p>\n<p class=\" wall-content\">La fin des travaux pourrait donc intervenir au second semestre 2026.<\/p>\n<p class=\" wall-content\">Personnalisez votre actualit\u00e9 en ajoutant vos villes et m\u00e9dias en favori avec <a href=\"https:\/\/moncompte.actu.fr\" title=\"D\u00e9couvez Mon Actu\" rel=\"nofollow noopener\" data-trk=\"{&quot;cta&quot;:{&quot;action&quot;:&quot;https:\\\/\\\/moncompte.actu.fr&quot;,&quot;category&quot;:&quot;mon compte&quot;,&quot;from&quot;:&quot;article footer&quot;,&quot;name&quot;:&quot;Mon actu&quot;,&quot;type&quot;:&quot;cta&quot;}}\" target=\"_blank\">Mon Actu<\/a>.<\/p>\n","protected":false},"excerpt":{"rendered":"Par Ugo Maillard Publi\u00e9 le 1 nov. 2025 \u00e0 8h24 C\u2019est un des bijoux de la C\u00f4te d\u2019Azur.&hellip;\n","protected":false},"author":2,"featured_media":504038,"comment_status":"","ping_status":"","sticky":false,"template":"","format":"standard","meta":{"footnotes":""},"categories":[2819],"tags":[1111,11,1777,674,1011,27,1652,12,2401,8302,882,25,2086],"class_list":{"0":"post-504037","1":"post","2":"type-post","3":"status-publish","4":"format-standard","5":"has-post-thumbnail","7":"category-nice","8":"tag-actu","9":"tag-actualites","10":"tag-eu","11":"tag-europe","12":"tag-fr","13":"tag-france","14":"tag-loisirs-culture","15":"tag-news","16":"tag-nice","17":"tag-plages","18":"tag-provence-alpes-cote-dazur","19":"tag-republique-francaise","20":"tag-travaux"},"share_on_mastodon":{"url":"https:\/\/pubeurope.com\/@fr\/115473278044897469","error":""},"_links":{"self":[{"href":"https:\/\/www.europesays.com\/fr\/wp-json\/wp\/v2\/posts\/504037","targetHints":{"allow":["GET"]}}],"collection":[{"href":"https:\/\/www.europesays.com\/fr\/wp-json\/wp\/v2\/posts"}],"about":[{"href":"https:\/\/www.europesays.com\/fr\/wp-json\/wp\/v2\/types\/post"}],"author":[{"embeddable":true,"href":"https:\/\/www.europesays.com\/fr\/wp-json\/wp\/v2\/users\/2"}],"replies":[{"embeddable":true,"href":"https:\/\/www.europesays.com\/fr\/wp-json\/wp\/v2\/comments?post=504037"}],"version-history":[{"count":0,"href":"https:\/\/www.europesays.com\/fr\/wp-json\/wp\/v2\/posts\/504037\/revisions"}],"wp:featuredmedia":[{"embeddable":true,"href":"https:\/\/www.europesays.com\/fr\/wp-json\/wp\/v2\/media\/504038"}],"wp:attachment":[{"href":"https:\/\/www.europesays.com\/fr\/wp-json\/wp\/v2\/media?parent=504037"}],"wp:term":[{"taxonomy":"category","embeddable":true,"href":"https:\/\/www.europesays.com\/fr\/wp-json\/wp\/v2\/categories?post=504037"},{"taxonomy":"post_tag","embeddable":true,"href":"https:\/\/www.europesays.com\/fr\/wp-json\/wp\/v2\/tags?post=504037"}],"curies":[{"name":"wp","href":"https:\/\/api.w.org\/{rel}","templated":true}]}}