{"id":504047,"date":"2025-11-01T07:36:14","date_gmt":"2025-11-01T07:36:14","guid":{"rendered":"https:\/\/www.europesays.com\/fr\/504047\/"},"modified":"2025-11-01T07:36:14","modified_gmt":"2025-11-01T07:36:14","slug":"un-violent-incendie-se-declare-dans-une-consession-automobile-de-toulouse-plusieurs-vehicules-detruits","status":"publish","type":"post","link":"https:\/\/www.europesays.com\/fr\/504047\/","title":{"rendered":"Un violent incendie se d\u00e9clare dans une consession automobile de Toulouse : plusieurs v\u00e9hicules d\u00e9truits"},"content":{"rendered":"<p>            Par<br \/>\n        <strong><br \/>\n            <a href=\"https:\/\/actu.fr\/auteur\/david-saint-sernin\" title=\"Consulter tous les articles de David Saint-Sernin\" rel=\"nofollow noopener\" target=\"_blank\">David Saint-Sernin<\/a><br \/>\n        <\/strong><\/p>\n<p>        Publi\u00e9 le<\/p>\n<p>            1 nov. 2025 \u00e0 8h32        <\/p>\n<p>Samedi 1er\u00a0novembre 2025, il \u00e9tait 1h14 quand <a href=\"https:\/\/actu.fr\/occitanie\/toulouse_31555\/toulouse-repeche-dans-la-garonne-un-homme-d-une-quarantaine-d-annees-declare-decede_63378920.html\" rel=\"nofollow noopener\" target=\"_blank\">les pompiers<\/a> ont \u00e9t\u00e9 appel\u00e9s pour \u00e9teindre <strong>un incendie<\/strong> en cours de propagation dans une <strong>concession automobile<\/strong> situ\u00e9e au sud-ouest de Toulouse, zone industrielle de Thibaud.<\/p>\n<p class=\" wall-content\">Arriv\u00e9s sur place, les soldats du feu ont fait face \u00e0 <strong>plusieurs v\u00e9hicules embras\u00e9s.<\/strong><\/p>\n<p>Plusieurs v\u00e9hicules en flamme<\/p>\n<p class=\" wall-content\">\u00ab\u2009Huit v\u00e9hicules \u00e9taient en flammes, mena\u00e7ant de se propager \u00e0 un b\u00e2timent attenant ainsi qu\u2019\u00e0 d\u2019autres v\u00e9hicules stationn\u00e9s \u00e0 proximit\u00e9\u2009\u00bb, pr\u00e9cisent-ils ce samedi matin \u00e0 Actu Toulouse.<\/p>\n<p>Pas de victime<\/p>\n<p class=\" wall-content\">Les pompiers ont pu ma\u00eetriser le sinistre \u00e0 l\u2019aide de deux lances \u00e0 incendie, \u00ab\u2009emp\u00eachant ainsi la propagation des flammes et pr\u00e9servant les locaux de la concession ainsi que l\u2019int\u00e9grit\u00e9 du reste du parc automobile\u2009\u00bb, expliquent-ils.<\/p>\n<p class=\" wall-content\">Aucune victime n\u2019est \u00e0 d\u00e9plorer. Une enqu\u00eate a \u00e9t\u00e9 ouverte.<\/p>\n<p>Vid\u00e9os : en ce moment sur Actu<\/p>\n<p class=\" wall-content\">Aucune piste n\u2019est \u00e9cart\u00e9e \u00e0 ce stade.<\/p>\n<p class=\" wall-content\">Personnalisez votre actualit\u00e9 en ajoutant vos villes et m\u00e9dias en favori avec <a href=\"https:\/\/moncompte.actu.fr\" title=\"D\u00e9couvez Mon Actu\" rel=\"nofollow noopener\" data-trk=\"{&quot;cta&quot;:{&quot;action&quot;:&quot;https:\\\/\\\/moncompte.actu.fr&quot;,&quot;category&quot;:&quot;mon compte&quot;,&quot;from&quot;:&quot;article footer&quot;,&quot;name&quot;:&quot;Mon actu&quot;,&quot;type&quot;:&quot;cta&quot;}}\" target=\"_blank\">Mon Actu<\/a>.<\/p>\n","protected":false},"excerpt":{"rendered":"Par David Saint-Sernin Publi\u00e9 le 1 nov. 2025 \u00e0 8h32 Samedi 1er\u00a0novembre 2025, il \u00e9tait 1h14 quand les&hellip;\n","protected":false},"author":2,"featured_media":504048,"comment_status":"","ping_status":"","sticky":false,"template":"","format":"standard","meta":{"footnotes":""},"categories":[2816],"tags":[1111,11,1777,674,118,1011,27,1310,12,2680,1311,25,2312],"class_list":{"0":"post-504047","1":"post","2":"type-post","3":"status-publish","4":"format-standard","5":"has-post-thumbnail","7":"category-toulouse","8":"tag-actu","9":"tag-actualites","10":"tag-eu","11":"tag-europe","12":"tag-faits-divers","13":"tag-fr","14":"tag-france","15":"tag-incendie","16":"tag-news","17":"tag-occitanie","18":"tag-pompiers","19":"tag-republique-francaise","20":"tag-toulouse"},"share_on_mastodon":{"url":"https:\/\/pubeurope.com\/@fr\/115473297516427141","error":""},"_links":{"self":[{"href":"https:\/\/www.europesays.com\/fr\/wp-json\/wp\/v2\/posts\/504047","targetHints":{"allow":["GET"]}}],"collection":[{"href":"https:\/\/www.europesays.com\/fr\/wp-json\/wp\/v2\/posts"}],"about":[{"href":"https:\/\/www.europesays.com\/fr\/wp-json\/wp\/v2\/types\/post"}],"author":[{"embeddable":true,"href":"https:\/\/www.europesays.com\/fr\/wp-json\/wp\/v2\/users\/2"}],"replies":[{"embeddable":true,"href":"https:\/\/www.europesays.com\/fr\/wp-json\/wp\/v2\/comments?post=504047"}],"version-history":[{"count":0,"href":"https:\/\/www.europesays.com\/fr\/wp-json\/wp\/v2\/posts\/504047\/revisions"}],"wp:featuredmedia":[{"embeddable":true,"href":"https:\/\/www.europesays.com\/fr\/wp-json\/wp\/v2\/media\/504048"}],"wp:attachment":[{"href":"https:\/\/www.europesays.com\/fr\/wp-json\/wp\/v2\/media?parent=504047"}],"wp:term":[{"taxonomy":"category","embeddable":true,"href":"https:\/\/www.europesays.com\/fr\/wp-json\/wp\/v2\/categories?post=504047"},{"taxonomy":"post_tag","embeddable":true,"href":"https:\/\/www.europesays.com\/fr\/wp-json\/wp\/v2\/tags?post=504047"}],"curies":[{"name":"wp","href":"https:\/\/api.w.org\/{rel}","templated":true}]}}