{"id":504049,"date":"2025-11-01T07:37:11","date_gmt":"2025-11-01T07:37:11","guid":{"rendered":"https:\/\/www.europesays.com\/fr\/504049\/"},"modified":"2025-11-01T07:37:11","modified_gmt":"2025-11-01T07:37:11","slug":"rugby-a-xiii-super-xiii-le-so-avignon-vigilant-a-toulouse","status":"publish","type":"post","link":"https:\/\/www.europesays.com\/fr\/504049\/","title":{"rendered":"Rugby \u00e0 XIII &#8211; Super XIII : le SO Avignon vigilant \u00e0 Toulouse"},"content":{"rendered":"<p>Depuis le d\u00e9but de la saison, tout sourit au <a href=\"https:\/\/www.laprovence.com\/article\/sports\/3145284291886514\/rugby-a-xiii-super-xiii-lexploit-du-so-avignon-qui-bat-le-champion-de-france-albi\" target=\"_blank\" rel=\"noopener\">SO Avignon<\/a>. Invaincue en Super XIII, coleader et comeilleure d\u00e9fense du championnat avec Carcassonne, de la confiance retrouv\u00e9e et \u00e9pargn\u00e9e par les grosses blessures, les voyants sont plus jamais dans le vert pour l\u2019escouade de <a href=\"https:\/\/www.laprovence.com\/article\/sports\/2782111596330414\/rugby-a-xiii-comment-le-so-avignon-et-liam-duffy-veulent-repartir-sur-de-nouvelles-bases\" target=\"_blank\" rel=\"noopener\">Liam Duffy<\/a> qui a re\u00e7u une autre bonne nouvelle en d\u00e9but de semaine avec le retour de <a href=\"https:\/\/www.laprovence.com\/article\/sports\/5504246091020614\/rugby-a-xiii-super-xiii-ca-fait-du-bien-de-revenir-au-so-avignon-clame-louis-jouffret\" target=\"_blank\" rel=\"noopener\">Louis Jouffret<\/a>.<\/p>\n<p>Pourtant, malgr\u00e9 cette belle embellie, la confiance reste mesur\u00e9e dans les rangs de l\u2019arri\u00e8re Baptiste Pourchi et ses partenaires. Encore plus au moment de se rendre ce samedi chez la r\u00e9serve du Toulouse Olympique. Tr\u00e8s r\u00e9guli\u00e8rement rel\u00e9gu\u00e9e au rang de derni\u00e8re du championnat, la formation toulousaine r\u00e9alise un meilleur d\u00e9marrage depuis sa rentr\u00e9e le 5\u00a0octobre.<\/p>\n<p>Julien Scaramuzza\u00a0: \u00ab\u00a0Il ne faut pas se prendre pour d\u2019autres \u00e0 Toulouse\u00a0\u00bb<\/p>\n<p>Hormis le match \u00e0 Limoux (32-16), elle prend des points gr\u00e2ce \u00e0 une victoire contre Villefranche (42-10) et une d\u00e9faite, mais avec le bonus d\u00e9fensif, \u00e0 Saint-Est\u00e8ve XIII Catalan (30-22). Des performances analys\u00e9es par le staff du SOA qui n\u2019a pas manqu\u00e9 de mettre en garde <a href=\"https:\/\/www.laprovence.com\/article\/sports\/1004949008530414\/rugby-a-xiii-super-xiii-rayan-bonte-un-avenir-prometteur-a-avignon\" target=\"_blank\" rel=\"noopener\">Rayan Bonte<\/a> et ses partenaires.<\/p>\n<p>\u00ab\u00a0Il ne faut pas se prendre pour d\u2019autres \u00e0 Toulouse, pr\u00e9vient le manager g\u00e9n\u00e9ral Julien Scaramuzza. C\u2019est le message qu\u2019on a martel\u00e9 cette semaine et la semaine d\u2019avant. Certes on encha\u00eene des bons r\u00e9sultats, mais il ne faut pas oublier d\u2019o\u00f9 on vient, et on se doit de respecter cette \u00e9quipe.\u00a0\u00bb<\/p>\n<p>Trois nouveaux points seraient en tout cas l\u2019id\u00e9al avant la venue de Limoux samedi 8\u00a0novembre au <a href=\"https:\/\/www.laprovence.com\/article\/region\/37209986958905\/avignon-le-parc-des-sports-ne-pourra-pas-accueillir-les-demi-finales-du-championnat-de-rugby-a-xiii\" target=\"_blank\" rel=\"noopener\">parc des sports d\u2019Avignon<\/a>.<\/p>\n","protected":false},"excerpt":{"rendered":"Depuis le d\u00e9but de la saison, tout sourit au SO Avignon. Invaincue en Super XIII, coleader et comeilleure&hellip;\n","protected":false},"author":2,"featured_media":504050,"comment_status":"","ping_status":"","sticky":false,"template":"","format":"standard","meta":{"footnotes":""},"categories":[2816],"tags":[17,1111,11,6184,1777,674,1011,27,12,2680,25,479,60,39035,2312,62616,25083],"class_list":{"0":"post-504049","1":"post","2":"type-post","3":"status-publish","4":"format-standard","5":"has-post-thumbnail","7":"category-toulouse","8":"tag-17","9":"tag-actu","10":"tag-actualites","11":"tag-avignon","12":"tag-eu","13":"tag-europe","14":"tag-fr","15":"tag-france","16":"tag-news","17":"tag-occitanie","18":"tag-republique-francaise","19":"tag-rugby","20":"tag-sports","21":"tag-super","22":"tag-toulouse","23":"tag-vigilant","24":"tag-xiii"},"share_on_mastodon":{"url":"https:\/\/pubeurope.com\/@fr\/115473301191948908","error":""},"_links":{"self":[{"href":"https:\/\/www.europesays.com\/fr\/wp-json\/wp\/v2\/posts\/504049","targetHints":{"allow":["GET"]}}],"collection":[{"href":"https:\/\/www.europesays.com\/fr\/wp-json\/wp\/v2\/posts"}],"about":[{"href":"https:\/\/www.europesays.com\/fr\/wp-json\/wp\/v2\/types\/post"}],"author":[{"embeddable":true,"href":"https:\/\/www.europesays.com\/fr\/wp-json\/wp\/v2\/users\/2"}],"replies":[{"embeddable":true,"href":"https:\/\/www.europesays.com\/fr\/wp-json\/wp\/v2\/comments?post=504049"}],"version-history":[{"count":0,"href":"https:\/\/www.europesays.com\/fr\/wp-json\/wp\/v2\/posts\/504049\/revisions"}],"wp:featuredmedia":[{"embeddable":true,"href":"https:\/\/www.europesays.com\/fr\/wp-json\/wp\/v2\/media\/504050"}],"wp:attachment":[{"href":"https:\/\/www.europesays.com\/fr\/wp-json\/wp\/v2\/media?parent=504049"}],"wp:term":[{"taxonomy":"category","embeddable":true,"href":"https:\/\/www.europesays.com\/fr\/wp-json\/wp\/v2\/categories?post=504049"},{"taxonomy":"post_tag","embeddable":true,"href":"https:\/\/www.europesays.com\/fr\/wp-json\/wp\/v2\/tags?post=504049"}],"curies":[{"name":"wp","href":"https:\/\/api.w.org\/{rel}","templated":true}]}}