{"id":504051,"date":"2025-11-01T07:38:12","date_gmt":"2025-11-01T07:38:12","guid":{"rendered":"https:\/\/www.europesays.com\/fr\/504051\/"},"modified":"2025-11-01T07:38:12","modified_gmt":"2025-11-01T07:38:12","slug":"presente-dans-130-villes-de-france-cette-enseigne-ouvre-enfin-son-premier-magasin-a-lille","status":"publish","type":"post","link":"https:\/\/www.europesays.com\/fr\/504051\/","title":{"rendered":"Pr\u00e9sente dans 130 villes de France, cette enseigne ouvre enfin son premier magasin \u00e0 Lille"},"content":{"rendered":"<p>            Par<br \/>\n        <strong><br \/>\n            <a href=\"https:\/\/actu.fr\/auteur\/hervine-mahaud\" title=\"Consulter tous les articles de Hervine Mahaud\" target=\"_blank\" rel=\"noopener\">Hervine Mahaud<\/a><br \/>\n        <\/strong><\/p>\n<p>        Publi\u00e9 le<\/p>\n<p>            1 nov. 2025 \u00e0 8h31        <\/p>\n<p>Ses <a href=\"https:\/\/actu.fr\/hauts-de-france\/lille_59350\/lille-cette-enseigne-specialisee-dans-la-seconde-main-annonce-louverture-dun-magasin-rue-faidherbe_61640349.html\" target=\"_blank\" rel=\"noopener\">principaux concurrents \u00e9taient d\u00e9j\u00e0 pr\u00e9sents<\/a> depuis un petit moment. Il \u00e9tait donc temps pour cette enseigne n\u00e9e en 2002, et de ce fait pionni\u00e8re de l\u2019<b>achat-vente<\/b> de <a href=\"https:\/\/actu.fr\/tag\/seconde-main\" target=\"_blank\" rel=\"noopener\">produits d\u2019occasion<\/a>, d\u2019ouvrir \u00e0 <a href=\"https:\/\/actu.fr\/lille\/\" target=\"_blank\" rel=\"noopener\">Lille<\/a>. C\u2019est fait, depuis mi-octobre 2025. On peut enfin retrouver un <b>magasin Cash Express<\/b> au coeur de l\u2019hypercentre. Avec ce <a href=\"https:\/\/actu.fr\/tag\/nouveaux-commerces\" target=\"_blank\" rel=\"noopener\">nouveau point de vente<\/a>, la marque renforce sa pr\u00e9sence dans les Hauts-de-France et poursuit son d\u00e9veloppement sur le territoire.<\/p>\n<p>Un emplacement central et une ambition claire<\/p>\n<p class=\" wall-content\">Situ\u00e9 20 rue du Sec Arembault, dans une zone pi\u00e9tonne tr\u00e8s fr\u00e9quent\u00e9e, le magasin b\u00e9n\u00e9ficie d\u2019un emplacement de choix. Sur 150 m\u00b2, une \u00e9quipe de cinq collaborateurs y proposera les huit grandes familles de produits embl\u00e9matiques de Cash Express : t\u00e9l\u00e9phonie, jeux vid\u00e9o, informatique, image et son, loisirs, culture, petit \u00e9lectrom\u00e9nager et bijoux.<\/p>\n<p class=\" wall-content\">Le g\u00e9rant compte faire de cette nouvelle adresse \u00ab\u00a0un lieu o\u00f9 l\u2019on trouve de la valeur, de la confiance et du lien\u00a0\u00bb, explique-t-il. Le commerce mettra particuli\u00e8rement l\u2019accent sur les produits technologiques et les articles de luxe, tout en misant sur la transparence des prix d\u2019achat et de revente.<\/p>\n<p>Allier \u00e9conomies et \u00e9cologie<\/p>\n<p class=\" wall-content\">Dans un contexte de tension sur le pouvoir d\u2019achat, l\u2019ouverture de Cash Express Lille s\u2019inscrit dans la tendance croissante de la consommation circulaire. Acheter ou revendre un produit d\u2019occasion, c\u2019est r\u00e9duire les d\u00e9chets et prolonger la dur\u00e9e de vie des objets tout en pr\u00e9servant son budget.<\/p>\n<p class=\" wall-content\"><a href=\"https:\/\/www.instagram.com\/p\/DQQwraGCPfC\/embed\" title=\"Ouvrir le lien sur Instagram\" target=\"_blank\" rel=\"noopener\">Visualiser le contenu sur Instagram<\/a><\/p>\n<p class=\" wall-content\">Tous les articles propos\u00e9s seront test\u00e9s et garantis, une mani\u00e8re d\u2019assurer confiance et qualit\u00e9 dans les transactions. \u00ab\u00a0La seconde main, c\u2019est avant tout une \u00e9conomie humaine\u00a0\u00bb, r\u00e9sume le responsable du magasin.<\/p>\n<p>Un entrepreneur tourn\u00e9 vers l\u2019avenir<\/p>\n<p class=\" wall-content\">\u00c0 la t\u00eate de ce premier Cash Express lillois, un jeune chef d\u2019entreprise passionn\u00e9 de commerce durable. Dipl\u00f4m\u00e9 d\u2019un Bac +5 et fort de vingt ans d\u2019exp\u00e9rience dans la grande distribution et la seconde main, il a choisi en 2025 de se lancer dans l\u2019aventure entrepreneuriale sous les couleurs de l\u2019enseigne.<\/p>\n<p class=\" wall-content\">S\u00e9duit par un mod\u00e8le qu\u2019il d\u00e9crit comme \u00ab\u00a0accessible, rentable et humain\u00a0\u00bb, il souhaite faire de ce point de vente un commerce de proximit\u00e9 moderne, o\u00f9 qualit\u00e9 de service et transparence priment.<\/p>\n<p>Votre r\u00e9gion, votre actu !<\/p>\n<p>Recevez chaque jour les infos qui comptent pour vous.<\/p>\n<p>\t<a href=\"https:\/\/actu.fr\/newsletter\" class=\"ac-btn ac-btn--corner ac-btn--medium ac-btn--blue800\" target=\"_blank\" rel=\"noopener\">S&rsquo;incrire<\/a><\/p>\n<p class=\" wall-content\">Avec cette ouverture, Cash Express confirme sa volont\u00e9 d\u2019allier performance et responsabilit\u00e9. L\u2019enseigne, pr\u00e9sente dans plus de 130 villes en France et en Belgique, milite depuis 2002 pour une consommation plus raisonn\u00e9e \u00e0 travers son concept d\u2019\u201cEcor\u00e9flexe\u201d.<\/p>\n<p class=\" wall-content\">Le magasin lillois, qui entend devenir une adresse incontournable pour les amateurs de bonnes affaires responsables, ouvrira ses portes du lundi au samedi.<\/p>\n<p class=\" wall-content\">Personnalisez votre actualit\u00e9 en ajoutant vos villes et m\u00e9dias en favori avec <a href=\"https:\/\/moncompte.actu.fr\" title=\"D\u00e9couvez Mon Actu\" rel=\"nofollow noopener\" data-trk=\"{&quot;cta&quot;:{&quot;action&quot;:&quot;https:\\\/\\\/moncompte.actu.fr&quot;,&quot;category&quot;:&quot;mon compte&quot;,&quot;from&quot;:&quot;article footer&quot;,&quot;name&quot;:&quot;Mon actu&quot;,&quot;type&quot;:&quot;cta&quot;}}\" target=\"_blank\">Mon Actu<\/a>.<\/p>\n<p>                    <script async src=\"\/\/www.instagram.com\/embed.js\"><\/script><\/p>\n","protected":false},"excerpt":{"rendered":"Par Hervine Mahaud Publi\u00e9 le 1 nov. 2025 \u00e0 8h31 Ses principaux concurrents \u00e9taient d\u00e9j\u00e0 pr\u00e9sents depuis un&hellip;\n","protected":false},"author":2,"featured_media":504052,"comment_status":"","ping_status":"","sticky":false,"template":"","format":"standard","meta":{"footnotes":""},"categories":[2815],"tags":[1111,11,33,1777,674,1011,27,811,1307,12,3147,25,7167],"class_list":{"0":"post-504051","1":"post","2":"type-post","3":"status-publish","4":"format-standard","5":"has-post-thumbnail","7":"category-lille","8":"tag-actu","9":"tag-actualites","10":"tag-economie","11":"tag-eu","12":"tag-europe","13":"tag-fr","14":"tag-france","15":"tag-hauts-de-france","16":"tag-lille","17":"tag-news","18":"tag-nouveaux-commerces","19":"tag-republique-francaise","20":"tag-seconde-main"},"share_on_mastodon":{"url":"https:\/\/pubeurope.com\/@fr\/115473305039610157","error":""},"_links":{"self":[{"href":"https:\/\/www.europesays.com\/fr\/wp-json\/wp\/v2\/posts\/504051","targetHints":{"allow":["GET"]}}],"collection":[{"href":"https:\/\/www.europesays.com\/fr\/wp-json\/wp\/v2\/posts"}],"about":[{"href":"https:\/\/www.europesays.com\/fr\/wp-json\/wp\/v2\/types\/post"}],"author":[{"embeddable":true,"href":"https:\/\/www.europesays.com\/fr\/wp-json\/wp\/v2\/users\/2"}],"replies":[{"embeddable":true,"href":"https:\/\/www.europesays.com\/fr\/wp-json\/wp\/v2\/comments?post=504051"}],"version-history":[{"count":0,"href":"https:\/\/www.europesays.com\/fr\/wp-json\/wp\/v2\/posts\/504051\/revisions"}],"wp:featuredmedia":[{"embeddable":true,"href":"https:\/\/www.europesays.com\/fr\/wp-json\/wp\/v2\/media\/504052"}],"wp:attachment":[{"href":"https:\/\/www.europesays.com\/fr\/wp-json\/wp\/v2\/media?parent=504051"}],"wp:term":[{"taxonomy":"category","embeddable":true,"href":"https:\/\/www.europesays.com\/fr\/wp-json\/wp\/v2\/categories?post=504051"},{"taxonomy":"post_tag","embeddable":true,"href":"https:\/\/www.europesays.com\/fr\/wp-json\/wp\/v2\/tags?post=504051"}],"curies":[{"name":"wp","href":"https:\/\/api.w.org\/{rel}","templated":true}]}}