{"id":504060,"date":"2025-11-01T07:43:28","date_gmt":"2025-11-01T07:43:28","guid":{"rendered":"https:\/\/www.europesays.com\/fr\/504060\/"},"modified":"2025-11-01T07:43:28","modified_gmt":"2025-11-01T07:43:28","slug":"en-images-guillaume-gomez-pierre-herme-les-stars-de-la-gastronomie-parisienne-a-lyon-cette-semaine","status":"publish","type":"post","link":"https:\/\/www.europesays.com\/fr\/504060\/","title":{"rendered":"En images. Guillaume Gomez, Pierre Herm\u00e9, les stars de la gastronomie parisienne \u00e0 Lyon cette semaine"},"content":{"rendered":"<p>Le grand \u00e9v\u00e9nement de cette semaine de vacances de la Toussaint a \u00e9t\u00e9 le concours de cuisine et p\u00e2tisserie durable organis\u00e9 par la Fondation pour la cuisine durable by Olivier Ginon \u00e0 la Vatel Academy au Ch\u00e2teau de Lacroix Laval. Pour l&rsquo;occasion, Guillaume Gomez, ambassadeur pour la gastronomie fran\u00e7aise et Pierre Herm\u00e9, pr\u00e9sident du jury P\u00e2tisserie, avaient fait le d\u00e9placement. Un bel \u00e9v\u00e9nement et une r\u00e9ussite pour la deuxi\u00e8me \u00e9dition. Autre \u00e9v\u00e9nement, la soir\u00e9e prestige des Pennons de Lyon, sous la pr\u00e9sidence de Christophe Guilloteau, dans les grands salons de l&rsquo;H\u00f4tel du D\u00e9partement.\u00a0Trois nouveaux Dignitaires ont pr\u00eat\u00e9 serment Jean-Marie Martino, Olivia Hamelin et St\u00e9phane Flex.\u00a0<\/p>\n","protected":false},"excerpt":{"rendered":"Le grand \u00e9v\u00e9nement de cette semaine de vacances de la Toussaint a \u00e9t\u00e9 le concours de cuisine et&hellip;\n","protected":false},"author":2,"featured_media":504061,"comment_status":"","ping_status":"","sticky":false,"template":"","format":"standard","meta":{"footnotes":""},"categories":[1889],"tags":[1111,11,2430,1777,674,1011,27,2797,5325,2798,9540,2428,4750,38857,2800,12,2799,25,2429,104],"class_list":{"0":"post-504060","1":"post","2":"type-post","3":"status-publish","4":"format-standard","5":"has-post-thumbnail","7":"category-lyon","8":"tag-actu","9":"tag-actualites","10":"tag-auvergne-rhone-alpes","11":"tag-eu","12":"tag-europe","13":"tag-fr","14":"tag-france","15":"tag-galerie-loisirs","16":"tag-galerie-media","17":"tag-galerie-photo","18":"tag-galerie-sport","19":"tag-lyon","20":"tag-lyon-3e-arrondissement","21":"tag-marcy-letoile","22":"tag-metropole","23":"tag-news","24":"tag-people-lyon","25":"tag-republique-francaise","26":"tag-rhone","27":"tag-societe"},"share_on_mastodon":{"url":"https:\/\/pubeurope.com\/@fr\/115473324613738619","error":""},"_links":{"self":[{"href":"https:\/\/www.europesays.com\/fr\/wp-json\/wp\/v2\/posts\/504060","targetHints":{"allow":["GET"]}}],"collection":[{"href":"https:\/\/www.europesays.com\/fr\/wp-json\/wp\/v2\/posts"}],"about":[{"href":"https:\/\/www.europesays.com\/fr\/wp-json\/wp\/v2\/types\/post"}],"author":[{"embeddable":true,"href":"https:\/\/www.europesays.com\/fr\/wp-json\/wp\/v2\/users\/2"}],"replies":[{"embeddable":true,"href":"https:\/\/www.europesays.com\/fr\/wp-json\/wp\/v2\/comments?post=504060"}],"version-history":[{"count":0,"href":"https:\/\/www.europesays.com\/fr\/wp-json\/wp\/v2\/posts\/504060\/revisions"}],"wp:featuredmedia":[{"embeddable":true,"href":"https:\/\/www.europesays.com\/fr\/wp-json\/wp\/v2\/media\/504061"}],"wp:attachment":[{"href":"https:\/\/www.europesays.com\/fr\/wp-json\/wp\/v2\/media?parent=504060"}],"wp:term":[{"taxonomy":"category","embeddable":true,"href":"https:\/\/www.europesays.com\/fr\/wp-json\/wp\/v2\/categories?post=504060"},{"taxonomy":"post_tag","embeddable":true,"href":"https:\/\/www.europesays.com\/fr\/wp-json\/wp\/v2\/tags?post=504060"}],"curies":[{"name":"wp","href":"https:\/\/api.w.org\/{rel}","templated":true}]}}