{"id":504067,"date":"2025-11-01T07:48:17","date_gmt":"2025-11-01T07:48:17","guid":{"rendered":"https:\/\/www.europesays.com\/fr\/504067\/"},"modified":"2025-11-01T07:48:17","modified_gmt":"2025-11-01T07:48:17","slug":"dette-mise-aux-encheres-lincroyable-histoire-a-paris-de-lappartement-oublie-de-ce-celebre-acteur","status":"publish","type":"post","link":"https:\/\/www.europesays.com\/fr\/504067\/","title":{"rendered":"Dette, mise aux ench\u00e8res&#8230; L&rsquo;incroyable histoire \u00e0 Paris de l&rsquo;appartement oubli\u00e9 de ce c\u00e9l\u00e8bre acteur"},"content":{"rendered":"<p>            Par<br \/>\n        <strong><br \/>\n            <a href=\"https:\/\/actu.fr\/auteur\/thomas-martin\" title=\"Consulter tous les articles de Thomas Martin\" target=\"_blank\" rel=\"noopener\">Thomas Martin<\/a><br \/>\n        <\/strong><\/p>\n<p>        Publi\u00e9 le<\/p>\n<p>            1 nov. 2025 \u00e0 6h34        <\/p>\n<p>Plus de quarante ans apr\u00e8s la mort de <strong>Patrick Dewaere<\/strong>, un \u00e9pisode inattendu vient de clore un feuilleton <a href=\"https:\/\/actu.fr\/tag\/immobilier\" target=\"_blank\" rel=\"noopener\">immobilier<\/a> au milieu duquel appara\u00eet le nom de l\u2019acteur des Valseuses, mort en 1982 \u00e0 35 ans. Dans un petit appartement sous les toits du 2\u1d49 arrondissement de Paris,<strong>\u00a0rue Sainte-Anne<\/strong>, la figure du com\u00e9dien a refait surface\u2026 avec une dette colossale et une h\u00e9riti\u00e8re retrouv\u00e9e in extremis. Une histoire rocambolesque rapport\u00e9e par <a href=\"https:\/\/www.lefigaro.fr\/offrir-article\/bGVmaWdhcm8uZnJfXzFmMGE4ZThmLTNlZDctNjQ2Yy04MjA4LWQxNzJmMzlhN2YzM19fQXJ0aWNsZQ==?shareId=94e3513c-1b6e-4658-8bd6-121555d4ec0c&amp;utm_source=lefigaro&amp;utm_medium=copy_link&amp;utm_campaign=offer_article\" target=\"_blank\" rel=\"noopener\">Le Figaro<\/a>.\u00a0<\/p>\n<p>Un studio en mauvais \u00e9tat et dix ans d\u2019impay\u00e9s<\/p>\n<p class=\" wall-content\">Le <a href=\"https:\/\/actu.fr\/tag\/logement\" target=\"_blank\" rel=\"noopener\">logement<\/a>, v\u00e9tuste, est compos\u00e9 de deux chambres de service r\u00e9unies au cinqui\u00e8me \u00e9tage d\u2019un immeuble, affiche 33 m\u00b2 au sol (22 m\u00b2 loi Carrez), sans chauffage.\u00a0<\/p>\n<p class=\" wall-content\">Pendant plus de dix ans, les charges de copropri\u00e9t\u00e9 n\u2019ont pas \u00e9t\u00e9 pay\u00e9es, for\u00e7ant les voisins \u00e0 avancer pr\u00e8s de 72 000 euros. Dans son <a href=\"https:\/\/document.vench.fr\/docs\/66588.pdf\" target=\"_blank\" rel=\"noopener\">proc\u00e8s-verbal<\/a>, l\u2019huissier de justice mandat\u00e9 par les copropri\u00e9taires \u00e9crit : \u00ab\u00a0Je frappe \u00e0 la porte gauche, o\u00f9 je rencontre un voisin qui me d\u00e9clare n\u2019avoir jamais vu personne ni entrer, ni sortir de l\u2019appartement situ\u00e9 \u00e0 droite sur le palier\u00a0\u00bb.<\/p>\n<p>    <img   decoding=\"async\" loading=\"lazy\" src=\"https:\/\/www.europesays.com\/fr\/wp-content\/uploads\/2025\/11\/image-31-886x640.png\" alt=\"L'appartement de Patrick Dewaere \u00e9tait au 65 rue Sainte-Anne\" width=\"886\" height=\"640\"\/><br \/>\n    L\u2019appartement de Patrick Dewaere \u00e9tait au 65 rue Sainte-Anne (\u00a9Google Street View)<\/p>\n<p class=\" wall-content\">Face \u00e0 la situation, la vente judiciaire du bien avait \u00e9t\u00e9 programm\u00e9e pour septembre 2025 avec une mise \u00e0 prix \u00e0 75 000 euros. Les ench\u00e8res judiciaires ont finalement \u00e9t\u00e9 annul\u00e9es in extremis. \u00ab\u00a0L\u2019h\u00e9riti\u00e8re, retrouv\u00e9e sur le tard, s\u2019est finalement acquitt\u00e9e de la dette\u00a0\u00bb, explique Le Figaro.\u00a0<\/p>\n<p>Une succession labyrinthique<\/p>\n<p class=\" wall-content\">Ce petit logement appartenait \u00e0 Patrick Dewaere, de son vrai nom Patrick Bourdeaux. Ses parents lui en avaient donn\u00e9 la nue-propri\u00e9t\u00e9 dans les ann\u00e9es 1960. Toute la famille Maurin, v\u00e9ritable dynastie d\u2019artistes, avait v\u00e9cu dans le m\u00eame immeuble, au premier \u00e9tage. L\u2019acteur, lui, avait quitt\u00e9 le quartier en 1968.\u00a0<\/p>\n<p class=\" wall-content\">\u00c0 sa mort, Dewaere croulait sous les dettes. Ses deux filles, Lola et Ang\u00e8le, mineures \u00e0 l\u2019\u00e9poque, ont renonc\u00e9 \u00e0 la succession en 1983. Pendant des d\u00e9cennies, le bien est rest\u00e9 dans un flou juridique total. Sa m\u00e8re, Mado Maurin, en avait l\u2019usufruit,\u00a0 jusqu\u2019\u00e0 son d\u00e9c\u00e8s en 2013, date \u00e0 laquelle la propri\u00e9t\u00e9 revenait\u2026 \u00e0 Dewaere lui-m\u00eame, trente ans apr\u00e8s sa disparition.<\/p>\n<p>Votre r\u00e9gion, votre actu !<\/p>\n<p>Recevez chaque jour les infos qui comptent pour vous.<\/p>\n<p>\t<a href=\"https:\/\/actu.fr\/newsletter\" class=\"ac-btn ac-btn--corner ac-btn--medium ac-btn--blue800\" target=\"_blank\" rel=\"noopener\">S&rsquo;incrire<\/a><\/p>\n<p class=\" wall-content\">Il faudra pr\u00e8s de douze ans pour que la copropri\u00e9t\u00e9 identifie enfin la propri\u00e9taire l\u00e9gale. Apr\u00e8s de longues recherches, les Domaines d\u00e9couvrent en 2022 que l\u2019h\u00e9riti\u00e8re l\u00e9gitime n\u2019est autre qu\u2019\u00c9lisabeth M. C., dite Elsa, seconde \u00e9pouse de l\u2019acteur et m\u00e8re de l\u2019actrice Lola Dewaere. Parce qu\u2019elle percevait les droits d\u2019auteur du com\u00e9dien, elle est reconnue comme d\u00e9tentrice du bien\u2026 et responsable des impay\u00e9s.<\/p>\n<p class=\" wall-content\">Alors que les ench\u00e8res approchaient et que de nombreux acqu\u00e9reurs s\u2019int\u00e9ressaient \u00e0 ce bien charg\u00e9 d\u2019histoire, elle a r\u00e9gl\u00e9 in extremis la totalit\u00e9 des dettes \u00e0 l\u2019\u00e9t\u00e9 2025, sauvant l\u2019appartement de la vente. Lola Dewaere n\u2019a pas souhait\u00e9 commenter l\u2019affaire aupr\u00e8s de nos confr\u00e8res.\u00a0<\/p>\n<p class=\" wall-content\">Personnalisez votre actualit\u00e9 en ajoutant vos villes et m\u00e9dias en favori avec <a href=\"https:\/\/moncompte.actu.fr\" title=\"D\u00e9couvez Mon Actu\" rel=\"nofollow noopener\" data-trk=\"{&quot;cta&quot;:{&quot;action&quot;:&quot;https:\\\/\\\/moncompte.actu.fr&quot;,&quot;category&quot;:&quot;mon compte&quot;,&quot;from&quot;:&quot;article footer&quot;,&quot;name&quot;:&quot;Mon actu&quot;,&quot;type&quot;:&quot;cta&quot;}}\" target=\"_blank\">Mon Actu<\/a>.<\/p>\n","protected":false},"excerpt":{"rendered":"Par Thomas Martin Publi\u00e9 le 1 nov. 2025 \u00e0 6h34 Plus de quarante ans apr\u00e8s la mort de&hellip;\n","protected":false},"author":2,"featured_media":504068,"comment_status":"","ping_status":"","sticky":false,"template":"","format":"standard","meta":{"footnotes":""},"categories":[1888],"tags":[11,1777,674,1011,27,1116,1757,1908,12,626,25,104],"class_list":{"0":"post-504067","1":"post","2":"type-post","3":"status-publish","4":"format-standard","5":"has-post-thumbnail","7":"category-paris","8":"tag-actualites","9":"tag-eu","10":"tag-europe","11":"tag-fr","12":"tag-france","13":"tag-immobilier","14":"tag-insolite","15":"tag-logement","16":"tag-news","17":"tag-paris","18":"tag-republique-francaise","19":"tag-societe"},"share_on_mastodon":{"url":"https:\/\/pubeurope.com\/@fr\/115473344441536300","error":""},"_links":{"self":[{"href":"https:\/\/www.europesays.com\/fr\/wp-json\/wp\/v2\/posts\/504067","targetHints":{"allow":["GET"]}}],"collection":[{"href":"https:\/\/www.europesays.com\/fr\/wp-json\/wp\/v2\/posts"}],"about":[{"href":"https:\/\/www.europesays.com\/fr\/wp-json\/wp\/v2\/types\/post"}],"author":[{"embeddable":true,"href":"https:\/\/www.europesays.com\/fr\/wp-json\/wp\/v2\/users\/2"}],"replies":[{"embeddable":true,"href":"https:\/\/www.europesays.com\/fr\/wp-json\/wp\/v2\/comments?post=504067"}],"version-history":[{"count":0,"href":"https:\/\/www.europesays.com\/fr\/wp-json\/wp\/v2\/posts\/504067\/revisions"}],"wp:featuredmedia":[{"embeddable":true,"href":"https:\/\/www.europesays.com\/fr\/wp-json\/wp\/v2\/media\/504068"}],"wp:attachment":[{"href":"https:\/\/www.europesays.com\/fr\/wp-json\/wp\/v2\/media?parent=504067"}],"wp:term":[{"taxonomy":"category","embeddable":true,"href":"https:\/\/www.europesays.com\/fr\/wp-json\/wp\/v2\/categories?post=504067"},{"taxonomy":"post_tag","embeddable":true,"href":"https:\/\/www.europesays.com\/fr\/wp-json\/wp\/v2\/tags?post=504067"}],"curies":[{"name":"wp","href":"https:\/\/api.w.org\/{rel}","templated":true}]}}