{"id":504075,"date":"2025-11-01T07:52:11","date_gmt":"2025-11-01T07:52:11","guid":{"rendered":"https:\/\/www.europesays.com\/fr\/504075\/"},"modified":"2025-11-01T07:52:11","modified_gmt":"2025-11-01T07:52:11","slug":"rugby-ecosse-etats-unis-a-quelle-heure-et-sur-quelle-chaine-voir-le-match-en-direct","status":"publish","type":"post","link":"https:\/\/www.europesays.com\/fr\/504075\/","title":{"rendered":"Rugby \u00c9cosse \u2013 \u00c9tats-Unis : \u00e0 quelle heure et sur quelle cha\u00eene voir le match en direct ?"},"content":{"rendered":"<p class=\"paragraph text_align_left lp-f-body-02\">Ce week-end, tous les regards seront tourn\u00e9s vers la Grande-Bretagne pour les premi\u00e8res rencontres de la tourn\u00e9e d\u2019automne 2025. Apr\u00e8s le choc Angleterre \u2013 Australie, c\u2019est au tour de l\u2019\u00c9cosse d\u2019affronter son premier adversaire : les \u00c9tats-Unis. L\u2019\u00e9quipe \u00e9cossaise n\u2019a pas disput\u00e9 de match depuis sa victoire contre Samoa en juillet dernier (12-41). Pour cette r\u00e9ception, le s\u00e9lectionneur Gregor Townsend a convoqu\u00e9 quarante-cinq joueurs, dont Alexander Masibaka (Montpellier), Blair Kinghorn (Toulouse), Ben White (Toulon) et Jamie Ritchie (Perpignan). On retrouve \u00e9galement dans le XV d\u2019\u00c9cosse Scott Cummings, Max Williamson, Nathan McBeth ou encore Darcy Graham et Kyle Rowe. C\u00f4t\u00e9 calendrier, l\u2019\u00c9cosse rencontrera aussi la Nouvelle-Z\u00e9lande, l\u2019Argentine et les Tonga. Le groupe am\u00e9ricain, quant \u00e0 lui, a d\u00e9croch\u00e9 une cinqui\u00e8me place \u00e0 la Coupe des nations du Pacifique qui s\u2019est d\u00e9roul\u00e9e en septembre. D\u00e9sormais les \u00c9tats-Unis d\u00e9fient l\u2019\u00c9cosse, l\u2019une des nations favorites de la comp\u00e9tition. L\u2019enjeu est fort, car les \u00c9tats-Unis ne disputent qu\u2019une seule rencontre lors de la tourn\u00e9e d\u2019automne 2025. Dans ces lignes on vous dit \u00e0 quelle heure et sur quelle cha\u00eene voir le match de rugby \u00c9cosse \u2013 \u00c9tats-Unis en direct ce samedi soir.<\/p>\n<p class=\"paragraph text_align_left lp-f-body-02\">Le match de rugby qui oppose l\u2019\u00c9cosse et les \u00c9tats-Unis est diffus\u00e9 ce samedi 1 novembre <a href=\"https:\/\/ad.doubleclick.net\/ddm\/trackclk\/N6600.145219.LEPARISIEN.FR\/B32944843.412602257;dc_trk_aid=604786717;dc_trk_cid=228480032;dc_lat=;dc_rdid=;tag_for_child_directed_treatment=;tfua=;gdpr=${GDPR};gdpr_consent=${GDPR_CONSENT_755};ltd=;dc_tdv=1\" target=\"_blank\" rel=\"sponsored noopener\">en direct sur la cha\u00eene beIN SPORTS 6<\/a>. La rencontre est pr\u00e9vue \u00e0 18h40 au stade Murrayfield d\u2019\u00c9dimbourg. L\u2019arbitre Damian Schneider a \u00e9t\u00e9 d\u00e9sign\u00e9 pour diriger le face-\u00e0-face. Il sera assist\u00e9 de Gianluca Gnecchi et de Katsuki Furuse.<\/p>\n","protected":false},"excerpt":{"rendered":"Ce week-end, tous les regards seront tourn\u00e9s vers la Grande-Bretagne pour les premi\u00e8res rencontres de la tourn\u00e9e d\u2019automne&hellip;\n","protected":false},"author":2,"featured_media":504076,"comment_status":"","ping_status":"","sticky":false,"template":"","format":"standard","meta":{"footnotes":""},"categories":[1589],"tags":[11,73,1866,749,12,479,128,6718,1864,1865,1863,308],"class_list":{"0":"post-504075","1":"post","2":"type-post","3":"status-publish","4":"format-standard","5":"has-post-thumbnail","7":"category-etats-unis","8":"tag-actualites","9":"tag-etats-unis","10":"tag-etats-unis-damerique","11":"tag-guide-shopping","12":"tag-news","13":"tag-rugby","14":"tag-streaming","15":"tag-tv-streaming","16":"tag-united-states","17":"tag-united-states-of-america","18":"tag-us","19":"tag-usa"},"share_on_mastodon":{"url":"https:\/\/pubeurope.com\/@fr\/115473360384992391","error":""},"_links":{"self":[{"href":"https:\/\/www.europesays.com\/fr\/wp-json\/wp\/v2\/posts\/504075","targetHints":{"allow":["GET"]}}],"collection":[{"href":"https:\/\/www.europesays.com\/fr\/wp-json\/wp\/v2\/posts"}],"about":[{"href":"https:\/\/www.europesays.com\/fr\/wp-json\/wp\/v2\/types\/post"}],"author":[{"embeddable":true,"href":"https:\/\/www.europesays.com\/fr\/wp-json\/wp\/v2\/users\/2"}],"replies":[{"embeddable":true,"href":"https:\/\/www.europesays.com\/fr\/wp-json\/wp\/v2\/comments?post=504075"}],"version-history":[{"count":0,"href":"https:\/\/www.europesays.com\/fr\/wp-json\/wp\/v2\/posts\/504075\/revisions"}],"wp:featuredmedia":[{"embeddable":true,"href":"https:\/\/www.europesays.com\/fr\/wp-json\/wp\/v2\/media\/504076"}],"wp:attachment":[{"href":"https:\/\/www.europesays.com\/fr\/wp-json\/wp\/v2\/media?parent=504075"}],"wp:term":[{"taxonomy":"category","embeddable":true,"href":"https:\/\/www.europesays.com\/fr\/wp-json\/wp\/v2\/categories?post=504075"},{"taxonomy":"post_tag","embeddable":true,"href":"https:\/\/www.europesays.com\/fr\/wp-json\/wp\/v2\/tags?post=504075"}],"curies":[{"name":"wp","href":"https:\/\/api.w.org\/{rel}","templated":true}]}}