{"id":504083,"date":"2025-11-01T07:56:11","date_gmt":"2025-11-01T07:56:11","guid":{"rendered":"https:\/\/www.europesays.com\/fr\/504083\/"},"modified":"2025-11-01T07:56:11","modified_gmt":"2025-11-01T07:56:11","slug":"podcast-forum-des-100-la-suisse-inoxydable-face-aux-chocs-geopolitiques","status":"publish","type":"post","link":"https:\/\/www.europesays.com\/fr\/504083\/","title":{"rendered":"Podcast \u2013 Forum des 100: la Suisse, inoxydable face aux chocs g\u00e9opolitiques?"},"content":{"rendered":"<p>La Suisse face au chaos mondial: c\u2019est en r\u00e9sum\u00e9 le fil rouge de la 21e\u00a0\u00e9dition du Forum des 100, qui s\u2019est tenu \u00e0 Lausanne le 23\u00a0octobre. Pr\u00e8s de 700 personnes \u00e9taient r\u00e9unies au SwissTech Convention Center. Au centre des \u00e9changes, une question quasi existentielle pour notre pays: la Suisse est-elle inoxydable face aux chocs g\u00e9opolitiques?<\/p>\n<p>Pour y r\u00e9pondre nous avons, entre autres, fait appel \u00e0 l\u2019ancien conseiller f\u00e9d\u00e9ral centriste et chef des Affaires \u00e9trang\u00e8res Joseph Deiss. Il a si\u00e9g\u00e9 au Conseil f\u00e9d\u00e9ral de 1999 \u00e0 2006, dirigeant notamment le D\u00e9partement f\u00e9d\u00e9ral des affaires \u00e9trang\u00e8res lors de la votation sur l\u2019adh\u00e9sion de la Suisse \u00e0 l\u2019Organisation des nations unies (ONU) en 2002. Le Fribourgeois a plaid\u00e9 pour une participation de plain-pied \u00e0 la marche du monde au sein des instances onusiennes et en se rapprochant de l\u2019Union europ\u00e9enne (UE). Il s\u2019est engag\u00e9 pour l\u2019acceptation du nouveau paquet d\u2019accords entre Berne et Bruxelles, soulignant la n\u00e9cessit\u00e9 d\u2019engager une relation plus \u00abnormale\u00bb qu\u2019aujourd\u2019hui avec l\u2019Union europ\u00e9enne.<\/p>\n<p>Dans le sillage de son diagnostic on a parl\u00e9 neutralit\u00e9, Gen\u00e8ve internationale et relations Suisse-UE avec Christina Kitsos, membre socialiste de l\u2019ex\u00e9cutif de la ville de Gen\u00e8ve, le r\u00e9dacteur en chef de la Weltwoche et ancien conseiller national de l\u2019Union d\u00e9mocratique du centre Roger K\u00f6ppel, ainsi que le conseiller national lib\u00e9ral radical Cyril Aellen.<\/p>\n<p>Isol\u00e9 sans surprise sur la question europ\u00e9enne face \u00e0 ses deux interlocuteurs genevois, le Zurichois a soulign\u00e9 l\u2019importance de la neutralit\u00e9 pour la cr\u00e9dibilit\u00e9 internationale de la Suisse et estim\u00e9 que si \u00abla Suisse perd la Gen\u00e8ve internationale, c\u2019est parce que nous abolissons la neutralit\u00e9. Et \u00e7a, c\u2019est une grande erreur!\u00bb. Une neutralit\u00e9 stricte et arm\u00e9e pour Roger K\u00f6ppel. Ce d\u00e9bat sur la neutralit\u00e9 se terminera certainement dans les urnes, l\u2019UDC ayant d\u00e9pos\u00e9 l\u2019initiative \u00abSauvegarder la\u00a0neutralit\u00e9 suisse\u00bb, texte actuellement examin\u00e9 au parlement f\u00e9d\u00e9ral. Bonne \u00e9coute!<\/p>\n","protected":false},"excerpt":{"rendered":"La Suisse face au chaos mondial: c\u2019est en r\u00e9sum\u00e9 le fil rouge de la 21e\u00a0\u00e9dition du Forum des&hellip;\n","protected":false},"author":2,"featured_media":504084,"comment_status":"","ping_status":"","sticky":false,"template":"","format":"standard","meta":{"footnotes":""},"categories":[1586],"tags":[11,1777,674,1779,1011,27,4438,12,6328,25,2582,1778,364],"class_list":{"0":"post-504083","1":"post","2":"type-post","3":"status-publish","4":"format-standard","5":"has-post-thumbnail","7":"category-europe","8":"tag-actualites","9":"tag-eu","10":"tag-europe","11":"tag-european-union","12":"tag-fr","13":"tag-france","14":"tag-free","15":"tag-news","16":"tag-politique-federale","17":"tag-republique-francaise","18":"tag-suisse-ue","19":"tag-ue","20":"tag-union-europeenne"},"share_on_mastodon":{"url":"https:\/\/pubeurope.com\/@fr\/115473375853927087","error":""},"_links":{"self":[{"href":"https:\/\/www.europesays.com\/fr\/wp-json\/wp\/v2\/posts\/504083","targetHints":{"allow":["GET"]}}],"collection":[{"href":"https:\/\/www.europesays.com\/fr\/wp-json\/wp\/v2\/posts"}],"about":[{"href":"https:\/\/www.europesays.com\/fr\/wp-json\/wp\/v2\/types\/post"}],"author":[{"embeddable":true,"href":"https:\/\/www.europesays.com\/fr\/wp-json\/wp\/v2\/users\/2"}],"replies":[{"embeddable":true,"href":"https:\/\/www.europesays.com\/fr\/wp-json\/wp\/v2\/comments?post=504083"}],"version-history":[{"count":0,"href":"https:\/\/www.europesays.com\/fr\/wp-json\/wp\/v2\/posts\/504083\/revisions"}],"wp:featuredmedia":[{"embeddable":true,"href":"https:\/\/www.europesays.com\/fr\/wp-json\/wp\/v2\/media\/504084"}],"wp:attachment":[{"href":"https:\/\/www.europesays.com\/fr\/wp-json\/wp\/v2\/media?parent=504083"}],"wp:term":[{"taxonomy":"category","embeddable":true,"href":"https:\/\/www.europesays.com\/fr\/wp-json\/wp\/v2\/categories?post=504083"},{"taxonomy":"post_tag","embeddable":true,"href":"https:\/\/www.europesays.com\/fr\/wp-json\/wp\/v2\/tags?post=504083"}],"curies":[{"name":"wp","href":"https:\/\/api.w.org\/{rel}","templated":true}]}}