{"id":504087,"date":"2025-11-01T07:58:12","date_gmt":"2025-11-01T07:58:12","guid":{"rendered":"https:\/\/www.europesays.com\/fr\/504087\/"},"modified":"2025-11-01T07:58:12","modified_gmt":"2025-11-01T07:58:12","slug":"crues-dans-la-drome-qui-etaient-jeremy-et-esmeralda-retrouves-morts-au-lendemain-de-leur-disparition","status":"publish","type":"post","link":"https:\/\/www.europesays.com\/fr\/504087\/","title":{"rendered":"Crues dans la Dr\u00f4me\u00a0: qui \u00e9taient Jeremy et Esm\u00e9ralda, retrouv\u00e9s morts au lendemain de leur disparition\u00a0?"},"content":{"rendered":"<p class=\"paragraph text_align_left lp-f-body-02\">L\u2019utilitaire gris a \u00e9t\u00e9 retrouv\u00e9 vide, jeudi, ensabl\u00e9 dans le lit de l\u2019Eygues. <a href=\"https:\/\/www.leparisien.fr\/drome-26\/crues-deux-personnes-portees-disparues-dans-la-drome-30-10-2025-JPJGEARMZNE23IBFWCUC2WCSPQ.php\" target=\"_self\" rel=\"nofollow noopener\">Jeremy Jaume et Esm\u00e9ralda Segura<\/a> se trouvaient \u00e0 bord du v\u00e9hicule, \u00e0 Nyons (<a href=\"https:\/\/www.leparisien.fr\/drome-26\/\" target=\"_self\" rel=\"nofollow noopener\">Dr\u00f4me<\/a>), la veille au soir, vers 1 heure du matin, lorsque ce dernier a \u00e9t\u00e9 emport\u00e9 par le cours d\u2019eau, gonfl\u00e9 par les intemp\u00e9ries.<\/p>\n<p class=\"paragraph text_align_left lp-f-body-02\">La jeune femme, 33 ans, est parvenue \u00e0 appeler le Samu pour signaler une situation de d\u00e9tresse. Mais la communication a fini par \u00eatre \u00ab rompue \u00bb, selon les mots de Marie-Aim\u00e9e Gaspari, pr\u00e9f\u00e8te du d\u00e9partement.<\/p>\n<p class=\"paragraph text_align_left lp-f-body-02\">Malgr\u00e9 d\u2019importants moyens mis en \u0153uvre pour les retrouver, <a href=\"https:\/\/www.leparisien.fr\/faits-divers\/crues-dans-la-drome-le-couple-de-trentenaires-qui-avait-disparu-retrouve-mort-31-10-2025-IFF5Y3KA6NCVBCTT7P3VRXJECY.php\" target=\"_blank\" rel=\"noreferrer nofollow noopener\">ils n\u2019ont pas surv\u00e9cu<\/a>. Les corps ont \u00e9t\u00e9 rep\u00each\u00e9s, sans vie, ce vendredi. \u00ab Un premier \u00e0 environ 1,5 km en aval du v\u00e9hicule et un deuxi\u00e8me \u00e0 environ 10 km en aval du v\u00e9hicule \u00bb, a indiqu\u00e9 Marie-Aim\u00e9e Gaspari. Gr\u00e2ce \u00e0 des \u00e9l\u00e9ments fournis par des proches des disparus, \u00ab ils ont pu \u00eatre identifi\u00e9s \u00bb.<\/p>\n<p>\u00ab Un bon c\u0153ur et un bon fond \u00bb<\/p>\n<p class=\"paragraph text_align_left lp-f-body-02\">Jeremy Jaume avait 38 ans. Sans enfant, il r\u00e9sidait \u00e0 Vinsobres et travaillait dans une entreprise de travaux publics, retrace <a href=\"https:\/\/www.ledauphine.com\/faits-divers-justice\/2025\/10\/30\/c-est-un-jeune-homme-avec-un-bon-coeur-deux-trentenaires-portes-disparus-et-toujours-recherches-apres-une-crue\" target=\"_self\" rel=\"nofollow noopener\">Le Dauphin\u00e9 Lib\u00e9r\u00e9<\/a>.<\/p>\n<p class=\"lp-card-podcast-highlighting__title  lp-f-subtitle-05\">[2\/2] Bruno Sulak\u00a0: serial braqueur<\/p>\n<p class=\"lp-card-podcast-highlighting__description lp-f-ui-05\">Crime story raconte chaque semaine les grandes affaires criminelles.<\/p>\n<p><a class=\"lp-card-podcast-highlighting__call-to-action\" data-page-type=\"HP\" data-block-name=\"podcast-highlight\">\u00c9couter<\/a><\/p>\n<p class=\"paragraph text_align_left lp-f-body-02\">Le quotidien r\u00e9gional a rencontr\u00e9 une de ses coll\u00e8gues, Ang\u00e9lique. \u00ab Ce matin (jeudi), on attendait Jeremy au d\u00e9p\u00f4t pour travailler. On a essay\u00e9 de le joindre mais il n\u2019a pas r\u00e9pondu. Il n\u2019a jamais rappel\u00e9. \u00bb<\/p>\n<p class=\"paragraph text_align_left lp-f-body-02\">Selon la trentenaire, l\u2019utilitaire gris retrouv\u00e9 dans le lit de l\u2019Eygues correspond \u00e0 ceux de l\u2019entreprise. \u00ab Jeremy a l\u2019habitude d\u2019en prendre un pour aller travailler ou pour rentrer \u00e0 son domicile \u00bb, relate-t-elle. Ang\u00e9lique dresse le portrait d\u2019\u00ab un jeune homme avec un bon c\u0153ur et un bon fond. Quand on a besoin d\u2019aide le soir, il est toujours l\u00e0 pour bricoler. C\u2019est un bon vivant, quelqu\u2019un de tr\u00e8s cool. \u00bb<\/p>\n<p class=\"paragraph text_align_left lp-f-body-02\">Sa compagne, Esm\u00e9ralda Segura, \u00e9tait m\u00e8re de deux jeunes enfants. Elle vivait dans la commune de Nyons, o\u00f9 le drame s\u2019est d\u00e9roul\u00e9, pr\u00e9cise Le Dauphin\u00e9 Lib\u00e9r\u00e9.<\/p>\n<p>Une cellule d\u2019urgence m\u00e9dico-psychologique ouverte<\/p>\n<p class=\"paragraph text_align_left lp-f-body-02\">La pr\u00e9fecture de la Dr\u00f4me a mis \u00e0 disposition des familles et proches des deux victimes une \u00ab cellule d\u2019urgence m\u00e9dico-psychologique \u00bb, a assur\u00e9 la pr\u00e9f\u00e8te, qui a remerci\u00e9 les pompiers et gendarmes qui ont men\u00e9 les recherches sur 12 km le long du cours d\u2019eau \u00ab dans des conditions difficiles \u00bb.<\/p>\n<p class=\"paragraph text_align_left lp-f-body-02\">\u00c0 ce stade, les circonstances du drame sont encore \u00e0 \u00e9claircir. Selon <a href=\"https:\/\/www.vigicrues.gouv.fr\/bulletin_national\" rel=\"nofollow noopener\" target=\"_blank\">Vigicrues<\/a>, \u00ab les intensit\u00e9s pluviom\u00e9triques observ\u00e9es en d\u00e9but de nuit sur des sols tr\u00e8s humides ont provoqu\u00e9 une r\u00e9action significative du cours d\u2019eau \u00bb.<\/p>\n<p class=\"paragraph text_align_left lp-f-body-02\">Mais d\u2019apr\u00e8s la pr\u00e9fecture, l\u2019Eygues \u00ab n\u2019est pas sorti de son lit, ce qui veut dire que les routes autour n\u2019\u00e9taient pas inond\u00e9es \u00bb. Une affirmation confirm\u00e9e par Pierre Combes, l\u2019\u00e9dile de Nyons, aupr\u00e8s du journal dr\u00f4mois. \u00ab L\u2019Eygues est plus un torrent-rivi\u00e8re qu\u2019une rivi\u00e8re calme \u00bb, ajoute l\u2019\u00e9lu, pr\u00e9cisant que sa commune ne d\u00e9plore aucun d\u00e9g\u00e2t mat\u00e9riel.<\/p>\n","protected":false},"excerpt":{"rendered":"L\u2019utilitaire gris a \u00e9t\u00e9 retrouv\u00e9 vide, jeudi, ensabl\u00e9 dans le lit de l\u2019Eygues. Jeremy Jaume et Esm\u00e9ralda Segura&hellip;\n","protected":false},"author":2,"featured_media":504088,"comment_status":"","ping_status":"","sticky":false,"template":"","format":"standard","meta":{"footnotes":""},"categories":[2],"tags":[11,459,118,1011,27,12,25],"class_list":{"0":"post-504087","1":"post","2":"type-post","3":"status-publish","4":"format-standard","5":"has-post-thumbnail","7":"category-actualites","8":"tag-actualites","9":"tag-departements-horsidfo","10":"tag-faits-divers","11":"tag-fr","12":"tag-france","13":"tag-news","14":"tag-republique-francaise"},"share_on_mastodon":{"url":"https:\/\/pubeurope.com\/@fr\/115473383709399394","error":""},"_links":{"self":[{"href":"https:\/\/www.europesays.com\/fr\/wp-json\/wp\/v2\/posts\/504087","targetHints":{"allow":["GET"]}}],"collection":[{"href":"https:\/\/www.europesays.com\/fr\/wp-json\/wp\/v2\/posts"}],"about":[{"href":"https:\/\/www.europesays.com\/fr\/wp-json\/wp\/v2\/types\/post"}],"author":[{"embeddable":true,"href":"https:\/\/www.europesays.com\/fr\/wp-json\/wp\/v2\/users\/2"}],"replies":[{"embeddable":true,"href":"https:\/\/www.europesays.com\/fr\/wp-json\/wp\/v2\/comments?post=504087"}],"version-history":[{"count":0,"href":"https:\/\/www.europesays.com\/fr\/wp-json\/wp\/v2\/posts\/504087\/revisions"}],"wp:featuredmedia":[{"embeddable":true,"href":"https:\/\/www.europesays.com\/fr\/wp-json\/wp\/v2\/media\/504088"}],"wp:attachment":[{"href":"https:\/\/www.europesays.com\/fr\/wp-json\/wp\/v2\/media?parent=504087"}],"wp:term":[{"taxonomy":"category","embeddable":true,"href":"https:\/\/www.europesays.com\/fr\/wp-json\/wp\/v2\/categories?post=504087"},{"taxonomy":"post_tag","embeddable":true,"href":"https:\/\/www.europesays.com\/fr\/wp-json\/wp\/v2\/tags?post=504087"}],"curies":[{"name":"wp","href":"https:\/\/api.w.org\/{rel}","templated":true}]}}