{"id":504091,"date":"2025-11-01T08:02:16","date_gmt":"2025-11-01T08:02:16","guid":{"rendered":"https:\/\/www.europesays.com\/fr\/504091\/"},"modified":"2025-11-01T08:02:16","modified_gmt":"2025-11-01T08:02:16","slug":"paroles-dex-jean-baptiste-dubie-raconte-ses-souvenirs-dont-son-duo-avec-nans-ducuing-a-lubb-urios-avait-pete-un-cable","status":"publish","type":"post","link":"https:\/\/www.europesays.com\/fr\/504091\/","title":{"rendered":"Paroles d&rsquo;ex &#8211; Jean-Baptiste Dubi\u00e9 raconte ses souvenirs, dont son duo avec Nans Ducuing \u00e0 l&rsquo;UBB\u00a0: \u00ab\u00a0Urios avait p\u00e9t\u00e9 un c\u00e2ble\u00a0\u00bb"},"content":{"rendered":"<p>Sa vie d&rsquo;ex<\/p>\n<p>Il a raccroch\u00e9 en septembre 2023 apr\u00e8s un ultime match contre Toulon puis il est parti, avec sa compagne, vivre un an en Australie. \u00c0 son retour, Dubi\u00e9 a pris des responsabilit\u00e9s \u00e0 l&rsquo;UBB au sein de la cellule recrutement et du plan de succession des jeunes. \u00ab\u00a0Je fais un peu le pont entre le haut et le bas, dit-il. Je ne me voyais pas refuser cette opportunit\u00e9. Les dirigeants sentaient s\u00fbrement que j&rsquo;\u00e9tais la bonne personne pour faire \u00e7a. Je me r\u00e9gale vraiment.\u00a0\u00bb Contrairement \u00e0 son complice Ducuing, recrut\u00e9 par Canal+cet \u00e9t\u00e9, l&rsquo;ancien centre polyvalent (36\u00a0ans depuis juillet) n&rsquo;est pas devenu consultant dans les m\u00e9dias. \u00ab Si on \u00e9tait venu me chercher c&rsquo;est vrai que je me serais bien vu aussi l\u00e0-dedans, reconna\u00eet celui qui vient d&rsquo;\u00eatre papa &#8211; d&rsquo;un petit Marcel &#8211; pour la premi\u00e8re fois. Mais j&rsquo;aime bien quand les choses arrivent naturellement. Si c&rsquo;est le cas un jour, pourquoi pas.\u00a0\u00bb<\/p>\n","protected":false},"excerpt":{"rendered":"Sa vie d&rsquo;ex Il a raccroch\u00e9 en septembre 2023 apr\u00e8s un ultime match contre Toulon puis il est&hellip;\n","protected":false},"author":2,"featured_media":504092,"comment_status":"","ping_status":"","sticky":false,"template":"","format":"standard","meta":{"footnotes":""},"categories":[1416],"tags":[1011,27,479,1468,60],"class_list":{"0":"post-504091","1":"post","2":"type-post","3":"status-publish","4":"format-standard","5":"has-post-thumbnail","7":"category-rugby","8":"tag-fr","9":"tag-france","10":"tag-rugby","11":"tag-rugby-football","12":"tag-sports"},"share_on_mastodon":{"url":"https:\/\/pubeurope.com\/@fr\/115473399434090605","error":""},"_links":{"self":[{"href":"https:\/\/www.europesays.com\/fr\/wp-json\/wp\/v2\/posts\/504091","targetHints":{"allow":["GET"]}}],"collection":[{"href":"https:\/\/www.europesays.com\/fr\/wp-json\/wp\/v2\/posts"}],"about":[{"href":"https:\/\/www.europesays.com\/fr\/wp-json\/wp\/v2\/types\/post"}],"author":[{"embeddable":true,"href":"https:\/\/www.europesays.com\/fr\/wp-json\/wp\/v2\/users\/2"}],"replies":[{"embeddable":true,"href":"https:\/\/www.europesays.com\/fr\/wp-json\/wp\/v2\/comments?post=504091"}],"version-history":[{"count":0,"href":"https:\/\/www.europesays.com\/fr\/wp-json\/wp\/v2\/posts\/504091\/revisions"}],"wp:featuredmedia":[{"embeddable":true,"href":"https:\/\/www.europesays.com\/fr\/wp-json\/wp\/v2\/media\/504092"}],"wp:attachment":[{"href":"https:\/\/www.europesays.com\/fr\/wp-json\/wp\/v2\/media?parent=504091"}],"wp:term":[{"taxonomy":"category","embeddable":true,"href":"https:\/\/www.europesays.com\/fr\/wp-json\/wp\/v2\/categories?post=504091"},{"taxonomy":"post_tag","embeddable":true,"href":"https:\/\/www.europesays.com\/fr\/wp-json\/wp\/v2\/tags?post=504091"}],"curies":[{"name":"wp","href":"https:\/\/api.w.org\/{rel}","templated":true}]}}