{"id":504093,"date":"2025-11-01T08:03:14","date_gmt":"2025-11-01T08:03:14","guid":{"rendered":"https:\/\/www.europesays.com\/fr\/504093\/"},"modified":"2025-11-01T08:03:14","modified_gmt":"2025-11-01T08:03:14","slug":"les-coulisses-de-son-voyage-familial-au-japon","status":"publish","type":"post","link":"https:\/\/www.europesays.com\/fr\/504093\/","title":{"rendered":"les coulisses de son voyage familial au Japon"},"content":{"rendered":"<p>                <img decoding=\"async\" src=\"https:\/\/www.europesays.com\/fr\/wp-content\/uploads\/2025\/11\/YZ1c.jpg\" fetchpriority=\"high\" alt=\"Rafa Nadal : les coulisses de son voyage familial au Japon \"\/><\/p>\n<p>Loin des courts, Rafa Nadal vit une nouvelle vie. Accompagn\u00e9 de sa femme Mery, de ses deux enfants et de ses parents, le champion espagnol s\u2019est offert un voyage au Japon.<\/p>\n<p>Depuis l\u2019annonce de sa retraite le 10 octobre 2024, le Majorquin profite du temps qu\u2019il n\u2019avait pas auparavant pour s\u2019offrir de nombreux moments en famille. Preuve en est avec les images post\u00e9es sur ses r\u00e9seaux sociaux illustrant son voyage au Japon.<\/p>\n<p>\u00ab J\u2019ai pass\u00e9 un super moment au Japon avec ma famille ! J\u2019ai ador\u00e9 explorer, en apprendre davantage sur la culture et visiter des endroits incroyables. Merci pour toute votre gentillesse et l\u2019accueil chaleureux ! \u00bb, a \u00e9crit Nadal.<\/p>\n<p>Autour de lui : sa femme Mery Perell\u00f3, son fils a\u00een\u00e9 Rafa (3 ans), le petit dernier Miquel (n\u00e9 en ao\u00fbt dernier), ses parents Sebasti\u00e0 et Ana Mar\u00eda, sa s\u0153ur Maribel et sa belle-m\u00e8re Mar\u00eda Pascual.<\/p>\n<p>Kyoto, Tokyo, Osaka\u2026 Chaque \u00e9tape a \u00e9t\u00e9 l\u2019occasion de d\u00e9couvrir les traditions du pays. Ainsi, le clan Nadal a pu visiter le majestueux temple Kiyomizu-dera, le mythique Sens\u014d-ji de Tokyo, et m\u00eame les jardins du Palais Imp\u00e9rial. V\u00eatus de yukatas traditionnels, ils ont s\u00e9journ\u00e9 dans un ryokan, profitant de la culture japonaise.<\/p>\n<p>S\u2019il a rang\u00e9 sa raquette, Rafa reste donc un homme de projets. Entre son acad\u00e9mie \u00e0 Manacor, et d\u00e9sormais sa vie de p\u00e8re, il ne risque pas de s\u2019ennuyer.<\/p>\n","protected":false},"excerpt":{"rendered":"Loin des courts, Rafa Nadal vit une nouvelle vie. Accompagn\u00e9 de sa femme Mery, de ses deux enfants&hellip;\n","protected":false},"author":2,"featured_media":504094,"comment_status":"","ping_status":"","sticky":false,"template":"","format":"standard","meta":{"footnotes":""},"categories":[1415],"tags":[1011,27,60,1467],"class_list":{"0":"post-504093","1":"post","2":"type-post","3":"status-publish","4":"format-standard","5":"has-post-thumbnail","7":"category-tennis","8":"tag-fr","9":"tag-france","10":"tag-sports","11":"tag-tennis"},"share_on_mastodon":{"url":"https:\/\/pubeurope.com\/@fr\/115473403835371181","error":""},"_links":{"self":[{"href":"https:\/\/www.europesays.com\/fr\/wp-json\/wp\/v2\/posts\/504093","targetHints":{"allow":["GET"]}}],"collection":[{"href":"https:\/\/www.europesays.com\/fr\/wp-json\/wp\/v2\/posts"}],"about":[{"href":"https:\/\/www.europesays.com\/fr\/wp-json\/wp\/v2\/types\/post"}],"author":[{"embeddable":true,"href":"https:\/\/www.europesays.com\/fr\/wp-json\/wp\/v2\/users\/2"}],"replies":[{"embeddable":true,"href":"https:\/\/www.europesays.com\/fr\/wp-json\/wp\/v2\/comments?post=504093"}],"version-history":[{"count":0,"href":"https:\/\/www.europesays.com\/fr\/wp-json\/wp\/v2\/posts\/504093\/revisions"}],"wp:featuredmedia":[{"embeddable":true,"href":"https:\/\/www.europesays.com\/fr\/wp-json\/wp\/v2\/media\/504094"}],"wp:attachment":[{"href":"https:\/\/www.europesays.com\/fr\/wp-json\/wp\/v2\/media?parent=504093"}],"wp:term":[{"taxonomy":"category","embeddable":true,"href":"https:\/\/www.europesays.com\/fr\/wp-json\/wp\/v2\/categories?post=504093"},{"taxonomy":"post_tag","embeddable":true,"href":"https:\/\/www.europesays.com\/fr\/wp-json\/wp\/v2\/tags?post=504093"}],"curies":[{"name":"wp","href":"https:\/\/api.w.org\/{rel}","templated":true}]}}