{"id":504095,"date":"2025-11-01T08:07:12","date_gmt":"2025-11-01T08:07:12","guid":{"rendered":"https:\/\/www.europesays.com\/fr\/504095\/"},"modified":"2025-11-01T08:07:12","modified_gmt":"2025-11-01T08:07:12","slug":"pierre-le-bourhis-a-perdu-le-match-a-deux-et-les-europe-actualite","status":"publish","type":"post","link":"https:\/\/www.europesays.com\/fr\/504095\/","title":{"rendered":"Pierre Le Bourhis a perdu le match \u00e0 deux&#8230; et les Europe &#8211; Actualit\u00e9"},"content":{"rendered":"<p style=\"text-align: justify;\">Dans le dernier tour de la deuxi\u00e8me manche de la Coupe de France de cyclo-cross, dimanche dernier \u00e0 Albi, Pierre Le Bourhis pouvait encore croire au podium chez les Juniors. Mais le coureur du VC Pays de Loud\u00e9ac a perdu son duel face \u00e0 Caliste Chainel. \u201cJe suis revenu fort sur lui mais j&rsquo;\u00e9tais un peu cuit. Je suis arriv\u00e9 en bas de l&rsquo;escalier, j&rsquo;ai eu un probl\u00e8me de cha\u00eene puis j\u2019ai tr\u00e9buch\u00e9 sur la derni\u00e8re marche. Apr\u00e8s, j&rsquo;ai juste essay\u00e9 d&rsquo;assurer la 4e place\u201d, rapporte-t-il \u00e0 DirectVelo.<\/p>\n<p><strong>L&rsquo;\u00c9QUIPE DE FRANCE COMME OBJECTIF<\/strong><\/p>\n<p>\u00c0 chaud, le Finist\u00e9rien ne cachait pas \u201cun peu de d\u00e9ception\u201d, tout en ayant la satisfaction d\u2019avoir fait une meilleure performance que la veille. \u201cLe samedi, je n&rsquo;\u00e9tais pas bien du tout\u201d. Apr\u00e8s un bon d\u00e9part, il s\u2019est retrouv\u00e9 \u00e0 terre d\u00e8s le deuxi\u00e8me virage. \u201cEnsuite, j&rsquo;ai mis deux tours et demi avant de me mettre dans ma course. J&rsquo;ai fait un bon dernier tour mais c&rsquo;est tout. Franchement, il n&rsquo;y a pas grand-chose \u00e0 en tirer\u201d, dit le 10e de la course inaugurale.<\/p>\n<p>Pierre Le Bourhis \u00e9tait venu dans le Tarn en pensant \u00e0 une s\u00e9lection en \u00e9quipe de France pour le Championnat d\u2019Europe. \u201cJ&rsquo;aimerais bien vraiment tester le niveau international. C\u2019est pour \u00e7a qu\u2019il y a un peu de d\u00e9ception. Dimanche, je me disais que peut-\u00eatre que si j&rsquo;avais pass\u00e9 le 3e (Caliste Chainel), j&rsquo;aurais eu une chance d&rsquo;aller au Championnat d\u2019Europe\u201d. Et le Vosgien a bien \u00e9t\u00e9 retenu pour Middelkerke (Belgique) \u00e0 l\u2019inverse du Breton, qui devra patienter avant une premi\u00e8re en tricolore.<\/p>\n<p><strong>DE L\u2019APPRENTISSAGE SUR LA ROUTE<\/strong><\/p>\n<p>L\u2019hiver dernier, Pierre Le Bourhis avait obtenu deux Top 15 en Coupe de France pour sa premi\u00e8re ann\u00e9e chez les Juniors, avec une 13e place le dimanche \u00e0 Pierric et une 12e le samedi \u00e0 Troyes. \u201cJ&rsquo;avais fait un peu de piste en d\u00e9but de saison. Je n&rsquo;avais pas pu faire la premi\u00e8re Coupe de France, \u00e0 Nommay. Forc\u00e9ment, apr\u00e8s, je partais loin \u00e0 toutes les manches de Coupe de France et je n&rsquo;ai jamais r\u00e9ussi \u00e0 faire un Top 10\u201d.<\/p>\n<p>Apr\u00e8s une 16e position en janvier dernier au Championnat de France \u00e0 Pontch\u00e2teau, il a encha\u00een\u00e9 avec une saison sur route o\u00f9 il n\u2019a \u201cpas fait grand-chose\u201d. Apr\u00e8s douze ann\u00e9es au VS Sca\u00ebr, il a fait le choix il y a un an de rejoindre le VC Pays de Loud\u00e9ac pour d\u00e9buter chez les Juniors et s\u2019est retrouv\u00e9 au sein d\u2019un fort collectif. \u201cC&rsquo;\u00e9tait pas mal d&rsquo;apprentissage. J&rsquo;\u00e9tais co\u00e9quipier de Luc Royer. Franchement, j&rsquo;ai fait une saison pour l&rsquo;aider lui et l&rsquo;\u00e9quipe, et pour apprendre. C&rsquo;\u00e9tait une bonne saison, mais avec un peu de d\u00e9ception quand m\u00eame\u201d.<\/p>\n<p>\u00a0<\/p>\n","protected":false},"excerpt":{"rendered":"Dans le dernier tour de la deuxi\u00e8me manche de la Coupe de France de cyclo-cross, dimanche dernier \u00e0&hellip;\n","protected":false},"author":2,"featured_media":504096,"comment_status":"","ping_status":"","sticky":false,"template":"","format":"standard","meta":{"footnotes":""},"categories":[1411],"tags":[834,828,836,829,837,827,83,826,824,823,1154,207,814,817,815,816,822,821,832,211,839,1011,27,820,818,819,835,831,830,833,838,60,212,208,825],"class_list":{"0":"post-504095","1":"post","2":"type-post","3":"status-publish","4":"format-standard","5":"has-post-thumbnail","7":"category-cyclisme","8":"tag-attaque","9":"tag-belgique","10":"tag-braquet","11":"tag-bretagne","12":"tag-chute","13":"tag-competition","14":"tag-coupe-de-france","15":"tag-coureur","16":"tag-course-cyclisme","17":"tag-course-cycliste","18":"tag-cycling","19":"tag-cyclisme","20":"tag-direct","21":"tag-direct-velo","22":"tag-directvelo","23":"tag-directvelo-com","24":"tag-epreuve","25":"tag-epreuve-cycliste","26":"tag-federation-francaise-de-cyclisme","27":"tag-ffc","28":"tag-flandres","29":"tag-fr","30":"tag-france","31":"tag-live","32":"tag-live-course","33":"tag-live-epreuve","34":"tag-peloton","35":"tag-radio-peloton","36":"tag-radio-tour","37":"tag-ravitaillement","38":"tag-relance","39":"tag-sports","40":"tag-uci","41":"tag-velo","42":"tag-velos"},"share_on_mastodon":{"url":"https:\/\/pubeurope.com\/@fr\/115473419108036485","error":""},"_links":{"self":[{"href":"https:\/\/www.europesays.com\/fr\/wp-json\/wp\/v2\/posts\/504095","targetHints":{"allow":["GET"]}}],"collection":[{"href":"https:\/\/www.europesays.com\/fr\/wp-json\/wp\/v2\/posts"}],"about":[{"href":"https:\/\/www.europesays.com\/fr\/wp-json\/wp\/v2\/types\/post"}],"author":[{"embeddable":true,"href":"https:\/\/www.europesays.com\/fr\/wp-json\/wp\/v2\/users\/2"}],"replies":[{"embeddable":true,"href":"https:\/\/www.europesays.com\/fr\/wp-json\/wp\/v2\/comments?post=504095"}],"version-history":[{"count":0,"href":"https:\/\/www.europesays.com\/fr\/wp-json\/wp\/v2\/posts\/504095\/revisions"}],"wp:featuredmedia":[{"embeddable":true,"href":"https:\/\/www.europesays.com\/fr\/wp-json\/wp\/v2\/media\/504096"}],"wp:attachment":[{"href":"https:\/\/www.europesays.com\/fr\/wp-json\/wp\/v2\/media?parent=504095"}],"wp:term":[{"taxonomy":"category","embeddable":true,"href":"https:\/\/www.europesays.com\/fr\/wp-json\/wp\/v2\/categories?post=504095"},{"taxonomy":"post_tag","embeddable":true,"href":"https:\/\/www.europesays.com\/fr\/wp-json\/wp\/v2\/tags?post=504095"}],"curies":[{"name":"wp","href":"https:\/\/api.w.org\/{rel}","templated":true}]}}