{"id":50410,"date":"2025-04-24T23:56:09","date_gmt":"2025-04-24T23:56:09","guid":{"rendered":"https:\/\/www.europesays.com\/fr\/50410\/"},"modified":"2025-04-24T23:56:09","modified_gmt":"2025-04-24T23:56:09","slug":"previsions-du-vendredi-25-avril-2025-5","status":"publish","type":"post","link":"https:\/\/www.europesays.com\/fr\/50410\/","title":{"rendered":"pr\u00e9visions du vendredi 25 avril 2025"},"content":{"rendered":"<p>Toulouse aura la chance de pouvoir profiter d&rsquo;une superbe journ\u00e9e ensoleill\u00e9e. On anticipe des temp\u00e9ratures d&rsquo;environ 14\u00b0C. Un vent de nord soufflera l\u00e9g\u00e8rement, avec 6 km\/h. L&rsquo;apr\u00e8s-midi, c&rsquo;est une hausse de plusieurs degr\u00e9s que vont conna\u00eetre les temp\u00e9ratures. Les maximales atteindront les 20\u00b0C et les minimales seront de 19\u00b0C. On passera de vendredi \u00e0 samedi par une nuit claire.<\/p>\n<p>Une baisse des temp\u00e9ratures est \u00e0 pr\u00e9voir \u00e0 Toulouse, demain. Le thermom\u00e8tre affichera 13\u00b0C en moyenne. Un petit vent d&rsquo;ouest sera ressenti par les habitants. Le soleil aura du mal \u00e0 percer au milieu des nuages qui perdureront dans la matin\u00e9e. Des pluies \u00e9parses sont pr\u00e9vues. Il est possible qu&rsquo;il y ait de petites averses demain apr\u00e8s-midi. Les valeurs s&rsquo;\u00e9chelonneront entre 12 et 15\u00b0C. Des averses sont pr\u00e9vues demain soir, et peuvent perturber les activit\u00e9s ext\u00e9rieures.<\/p>\n<p>La m\u00e9t\u00e9o des jours qui suivent va changer progressivement. M\u00eame si le mauvais temps persistera quelque peu dimanche, il faut pr\u00e9voir une am\u00e9lioration par la suite.<\/p>\n<p><\/p>\n","protected":false},"excerpt":{"rendered":"Toulouse aura la chance de pouvoir profiter d&rsquo;une superbe journ\u00e9e ensoleill\u00e9e. On anticipe des temp\u00e9ratures d&rsquo;environ 14\u00b0C. Un&hellip;\n","protected":false},"author":2,"featured_media":50411,"comment_status":"","ping_status":"","sticky":false,"template":"","format":"standard","meta":{"footnotes":""},"categories":[2816],"tags":[1111,11,1777,674,1011,27,2722,2721,12,2680,2119,25,2312],"class_list":{"0":"post-50410","1":"post","2":"type-post","3":"status-publish","4":"format-standard","5":"has-post-thumbnail","7":"category-toulouse","8":"tag-actu","9":"tag-actualites","10":"tag-eu","11":"tag-europe","12":"tag-fr","13":"tag-france","14":"tag-haute-garonne","15":"tag-midi-pyrenees","16":"tag-news","17":"tag-occitanie","18":"tag-previsions-meteo","19":"tag-republique-francaise","20":"tag-toulouse"},"share_on_mastodon":{"url":"https:\/\/pubeurope.com\/@fr\/114395649363693016","error":""},"_links":{"self":[{"href":"https:\/\/www.europesays.com\/fr\/wp-json\/wp\/v2\/posts\/50410","targetHints":{"allow":["GET"]}}],"collection":[{"href":"https:\/\/www.europesays.com\/fr\/wp-json\/wp\/v2\/posts"}],"about":[{"href":"https:\/\/www.europesays.com\/fr\/wp-json\/wp\/v2\/types\/post"}],"author":[{"embeddable":true,"href":"https:\/\/www.europesays.com\/fr\/wp-json\/wp\/v2\/users\/2"}],"replies":[{"embeddable":true,"href":"https:\/\/www.europesays.com\/fr\/wp-json\/wp\/v2\/comments?post=50410"}],"version-history":[{"count":0,"href":"https:\/\/www.europesays.com\/fr\/wp-json\/wp\/v2\/posts\/50410\/revisions"}],"wp:featuredmedia":[{"embeddable":true,"href":"https:\/\/www.europesays.com\/fr\/wp-json\/wp\/v2\/media\/50411"}],"wp:attachment":[{"href":"https:\/\/www.europesays.com\/fr\/wp-json\/wp\/v2\/media?parent=50410"}],"wp:term":[{"taxonomy":"category","embeddable":true,"href":"https:\/\/www.europesays.com\/fr\/wp-json\/wp\/v2\/categories?post=50410"},{"taxonomy":"post_tag","embeddable":true,"href":"https:\/\/www.europesays.com\/fr\/wp-json\/wp\/v2\/tags?post=50410"}],"curies":[{"name":"wp","href":"https:\/\/api.w.org\/{rel}","templated":true}]}}