{"id":504111,"date":"2025-11-01T08:16:12","date_gmt":"2025-11-01T08:16:12","guid":{"rendered":"https:\/\/www.europesays.com\/fr\/504111\/"},"modified":"2025-11-01T08:16:12","modified_gmt":"2025-11-01T08:16:12","slug":"lincroyable-histoire-de-deux-clubs-amateur","status":"publish","type":"post","link":"https:\/\/www.europesays.com\/fr\/504111\/","title":{"rendered":"l\u2019incroyable histoire de deux clubs amateur"},"content":{"rendered":"<p>Un moment important\u2026 pour deux formations qui n\u2019y arrivent pourtant pas en championnat. Ces derni\u00e8res heures, le <a href=\"https:\/\/www.foot-national.com\/coupe-de-france\/coupe-de-france-le-tirage-au-sort-complet-du-septieme-tour-avec-les-potentielles-affiches-du-huitieme-928707\" target=\"_blank\" rel=\"noopener\">tirage au sort du septi\u00e8me et du huiti\u00e8me tour<\/a> de la Coupe de France avait lieu. \u00c0 cette occasion, deux clubs amateur, toujours en lice mais qui n\u2019ont pas emmagasin\u00e9 le moindre point en championnat, ont \u00e9t\u00e9 fix\u00e9s. Le Cellier Mauves (R3) accueillera le Stade Lavallois (L2) samedi 15 novembre prochain, avec un coup d\u2019envoi fix\u00e9 \u00e0 14h. Le jour suivant, Aire sur la Lys (R2) ira sur la pelouse de l\u2019Olympique Marcquois (R1).\u00a0<\/p>\n<p>Le Cellier, la t\u00eate dans le sable sauf en Coupe<\/p>\n<p>Si aucun stade n\u2019a encore \u00e9t\u00e9 d\u00e9sign\u00e9 pour ce match comptant pour le septi\u00e8me tour de la Coupe de France, Le Cellier Mauves tentera de poursuivre sa folle exp\u00e9rience au sein de la plus vieille des comp\u00e9titions hexagonales. Pourtant, en R\u00e9gional 3, l\u2019herbe n\u2019est pas aussi verte que du c\u00f4t\u00e9 de la Vieille Dame. \u00c0 l\u2019aube de la cinqui\u00e8me journ\u00e9e, les hommes de Denis Bouyer n\u2019ont toujours pas remport\u00e9 le moindre point en championnat. Le 7 septembre dernier, Le Cellier Mauves s\u2019inclinait sur sa pelouse contre le Plesse Dresny (0-1) avant de perdre sur le m\u00eame score \u00e0 Sevremont (1-0). Un mois de septembre compliqu\u00e9 en R\u00e9gional 3, malgr\u00e9 une parenth\u00e8se enchant\u00e9e en Coupe de France.\u00a0<\/p>\n<p>Pour la troisi\u00e8me journ\u00e9e de championnat de sa saison, le club bas\u00e9 en Loire Atlantique comptait r\u00e9cup\u00e9rer ses premiers points de la saison face \u00e0 Saint-Laurent Malvent. Les visiteurs se sont finalement impos\u00e9s sur le score de quatre buts \u00e0 deux. Cap d\u00e9sormais sur la suite de la 109e \u00e9dition de la Vieille Dame, et une qualification acquise aux tirs au but pour le sixi\u00e8me tour aux Essarts (2-2, 3 tab \u00e0 5) avant une nouvelle d\u00e9faite \u00e0 Saint-Denis Chevasse (2-0) lors de la quatri\u00e8me journ\u00e9e de R\u00e9gional 3. Avant la r\u00e9ception du Stade Lavallois (L2), Le Cellier Mauves FC accueillera Bouaye (2 novembre) et Sainte-C\u00e9cile Saint-Mar (9 novembre) pour le compte des cinqui\u00e8me et sixi\u00e8me journ\u00e9es. Deux occasions de glaner de premiers points.\u00a0<\/p>\n<p>\u00c0 Marcq, Aire sur la Lys veut poursuivre son compte de f\u00e9e<\/p>\n<p>Un jour plus tard, soit dimanche 16 novembre (14h), l\u2019autre formation dans ce m\u00eame cas se rendra dans le Nord. Aire sur la Lys a \u00e9galement compost\u00e9 son ticket pour le septi\u00e8me tour de la Coupe de France, o\u00f9 il sera oppos\u00e9 \u00e0 l\u2019Olympique Marcquois (R1), malgr\u00e9 un d\u00e9but de saison chaotique en championnat. Le pensionnaire de R\u00e9gional 2 n\u2019a pas engrang\u00e9 le moindre point lors des quatre premi\u00e8res journ\u00e9es de la saison. Une folle s\u00e9rie noire qui pourrait prendre fin d\u00e8s ce dimanche 2 novembre; sur la pelouse du Parc des Sports Paul Nestier, face \u00e0 Longuenesse. Avant cela, le club pas-de-calaisien a encha\u00een\u00e9 quatre d\u00e9faites au sein de la septi\u00e8me division fran\u00e7aise.\u00a0<\/p>\n<p>La premi\u00e8re journ\u00e9e de R\u00e9gional 2 a vu Aire sur la Lys s\u2019incliner sur le score de quatre buts \u00e0 trois \u00e0 Esquelbecq. Deux semaines plus tard, \u00e0 l\u2019occasion de la deuxi\u00e8me journ\u00e9e, l\u2019OSA Football a \u00e9t\u00e9 gifl\u00e9 \u00e0 l\u2019ext\u00e9rieur face \u00e0 Dunkerque Malo. Deux premi\u00e8res contre-performances pour le club du Nord donc, malgr\u00e9 de belles performances lors des premi\u00e8res apparitions en Coupe de France. Pour leur premi\u00e8re \u00e0 domicile en championnat, les Bleu et Blanc ont encore mordu la poussi\u00e8re : cette fois-ci contre Bruay Labuissi\u00e8re, avant d\u2019en prendre trois \u00e0 Loon Plage. Un d\u00e9but de saison manqu\u00e9 en R\u00e9gional 2, mais un parcours en Coupe de France qui force le respect pour le moment. \u00a0<\/p>\n<p>Partagez cette info avec vos amis et vos proches en cliquant ici<br \/>Pour r\u00e9sumer<\/p>\n<p>Un moment important\u2026 pour deux formations qui n\u2019y arrivent pourtant pas en championnat. Ces derni\u00e8res heures, le tirage au sort du septi\u00e8me et du huiti\u00e8me tour de la Coupe de France avait lieu. \u00c0 cette occasion, deux clubs amateur, toujours en lice mais qui n\u2019ont pas emmagasin\u00e9 le moindre point en championnat, ont \u00e9t\u00e9 fix\u00e9s.<\/p>\n<p> <img decoding=\"async\" width=\"76\" height=\"76\" loading=\"lazy\" src=\"https:\/\/static.wui.fr\/images_v3\/avatar-footnational.png\" alt=\"Youcef Ghalaza-Boudra\"\/><\/p>\n","protected":false},"excerpt":{"rendered":"Un moment important\u2026 pour deux formations qui n\u2019y arrivent pourtant pas en championnat. Ces derni\u00e8res heures, le tirage&hellip;\n","protected":false},"author":2,"featured_media":504112,"comment_status":"","ping_status":"","sticky":false,"template":"","format":"standard","meta":{"footnotes":""},"categories":[9],"tags":[61432,9314,1011,27,60],"class_list":{"0":"post-504111","1":"post","2":"type-post","3":"status-publish","4":"format-standard","5":"has-post-thumbnail","7":"category-sports","8":"tag-coupes-coupe-de-france","9":"tag-foot-amateur","10":"tag-fr","11":"tag-france","12":"tag-sports"},"share_on_mastodon":{"url":"https:\/\/pubeurope.com\/@fr\/115473455135308511","error":""},"_links":{"self":[{"href":"https:\/\/www.europesays.com\/fr\/wp-json\/wp\/v2\/posts\/504111","targetHints":{"allow":["GET"]}}],"collection":[{"href":"https:\/\/www.europesays.com\/fr\/wp-json\/wp\/v2\/posts"}],"about":[{"href":"https:\/\/www.europesays.com\/fr\/wp-json\/wp\/v2\/types\/post"}],"author":[{"embeddable":true,"href":"https:\/\/www.europesays.com\/fr\/wp-json\/wp\/v2\/users\/2"}],"replies":[{"embeddable":true,"href":"https:\/\/www.europesays.com\/fr\/wp-json\/wp\/v2\/comments?post=504111"}],"version-history":[{"count":0,"href":"https:\/\/www.europesays.com\/fr\/wp-json\/wp\/v2\/posts\/504111\/revisions"}],"wp:featuredmedia":[{"embeddable":true,"href":"https:\/\/www.europesays.com\/fr\/wp-json\/wp\/v2\/media\/504112"}],"wp:attachment":[{"href":"https:\/\/www.europesays.com\/fr\/wp-json\/wp\/v2\/media?parent=504111"}],"wp:term":[{"taxonomy":"category","embeddable":true,"href":"https:\/\/www.europesays.com\/fr\/wp-json\/wp\/v2\/categories?post=504111"},{"taxonomy":"post_tag","embeddable":true,"href":"https:\/\/www.europesays.com\/fr\/wp-json\/wp\/v2\/tags?post=504111"}],"curies":[{"name":"wp","href":"https:\/\/api.w.org\/{rel}","templated":true}]}}