{"id":504119,"date":"2025-11-01T08:20:16","date_gmt":"2025-11-01T08:20:16","guid":{"rendered":"https:\/\/www.europesays.com\/fr\/504119\/"},"modified":"2025-11-01T08:20:16","modified_gmt":"2025-11-01T08:20:16","slug":"les-journalistes-sont-desormais-personae-non-gratae-dans-une-partie-de-la-maison-blanche","status":"publish","type":"post","link":"https:\/\/www.europesays.com\/fr\/504119\/","title":{"rendered":"Les journalistes sont d\u00e9sormais personae non gratae dans une partie de la Maison Blanche"},"content":{"rendered":"<p>        <img decoding=\"async\" loading=\"lazy\" src=\"https:\/\/www.europesays.com\/fr\/wp-content\/uploads\/2025\/11\/a5c2e70_sirius-fs-upload-1-kj9ktm6q2tl0-1747839863064-000-47gk8p2.jpg\"  width=\"728\" height=\"410\" alt=\"La pr\u00e9sidence des \u00c9tats-Unis a annonc\u00e9, ce vendredi 31\u00a0octobre, interdire \u00e0 la presse une partie des locaux occup\u00e9s par son service communication, en particulier par Karoline Leavitt, la porte-parole de la Maison Blanche.\"\/>  <\/p>\n<p>JIM WATSON \/ AFP<\/p>\n<p>La pr\u00e9sidence des \u00c9tats-Unis a annonc\u00e9, ce vendredi 31\u00a0octobre, interdire \u00e0 la presse une partie des locaux occup\u00e9s par son service communication, en particulier par Karoline Leavitt, la porte-parole de la Maison Blanche.<\/p>\n<p class=\"asset asset-text\">\u00c9TATS-UNIS &#8211; C\u2019est un nouveau signe fort de la <a href=\"https:\/\/www.huffingtonpost.fr\/international\/video\/trump-interroge-sur-le-sujet-brulant-de-la-cisjordanie-se-defausse-en-se-moquant-d-une-journaliste-francaise_256359.html\" rel=\"nofollow noopener\" target=\"_blank\">mise \u00e0 distance de la presse<\/a> par la pr\u00e9sidence des \u00c9tats-Unis. <a href=\"https:\/\/www.huffingtonpost.fr\/international\/video\/a-la-maison-blanche-l-ambiance-en-salle-de-presse-a-bien-change-et-ca-n-a-rien-d-anodin_249904.html\" rel=\"nofollow noopener\" target=\"_blank\">La Maison Blanche<\/a> a annonc\u00e9, ce vendredi 31\u00a0octobre, restreindre l\u2019acc\u00e8s des journalistes \u00e0 une partie de son bureau de presse. Et ce afin de mieux prot\u00e9ger des \u00ab\u00a0informations sensibles\u00a0\u00bb, explique-t-elle, dans un contexte de vives tensions entre les grands m\u00e9dias et l\u2019administration de Donald Trump.<\/p>\n<p class=\"asset asset-text\">Nombre des journalistes accr\u00e9dit\u00e9s \u00e0 la Maison Blanche disposent de bureaux au sein du c\u00e9l\u00e8bre b\u00e2timent situ\u00e9 \u00e0 Washington D.C.. Jusqu\u2019\u00e0 pr\u00e9sent, ils pouvaient librement se rendre dans deux espaces o\u00f9 travaillent les salari\u00e9s du service de presse de la Maison Blanche afin de demander des informations ou des r\u00e9actions.<\/p>\n<p class=\"asset asset-text\">Sauf que d\u00e9sormais, l\u2019acc\u00e8s des journalistes au premier espace (\u00ab\u00a0upper press\u00a0\u00bb), situ\u00e9e pr\u00e8s du Bureau ovale et qui accueille le bureau de la porte-parole <a href=\"https:\/\/www.huffingtonpost.fr\/international\/article\/shutdown-aux-etats-unis-les-trumpistes-s-appuient-sur-un-gros-mensonge-pour-accuser-les-democrates_255556.html\" rel=\"nofollow noopener\" target=\"_blank\">Karoline Leavitt<\/a> et les autres responsables du service de presse, est conditionn\u00e9 \u00e0 l\u2019obtention pr\u00e9alable d\u2019un rendez-vous.<\/p>\n<p>    Les journalistes indign\u00e9s    <\/p>\n<p class=\"asset asset-text\">Une seconde partie (\u00ab\u00a0lower press\u00a0\u00bb), o\u00f9 travaillent les autres attach\u00e9s de presse et situ\u00e9e pr\u00e8s de la salle de conf\u00e9rence de presse, est toujours librement accessible par les reporters, pr\u00e9cise la note de la Maison Blanche.<\/p>\n<p class=\"asset asset-text\">Pour justifier sa d\u00e9cision, la pr\u00e9sidence am\u00e9ricaine pr\u00e9cise qu\u2019en raison d\u2019une r\u00e9organisation interne, les membres de l\u2019\u00e9quipe de communication de la Maison Blanche \u00ab\u00a0interagissent de mani\u00e8re permanente avec des informations sensibles\u00a0\u00bb. Cette nouvelle restriction se fait donc pour \u00ab\u00a0prot\u00e9ger ces informations et maintenir la coordination entre les \u00e9quipes du Conseil de s\u00e9curit\u00e9 nationale et celles de la communication\u00a0\u00bb, peut-on encore lire.<\/p>\n<p> La lecture de ce contenu est susceptible d\u2019entra\u00eener un d\u00e9p\u00f4t de cookies de la part de l\u2019op\u00e9rateur tiers qui l\u2019h\u00e9berge. Compte-tenu des choix que vous avez exprim\u00e9s en mati\u00e8re de d\u00e9p\u00f4t de cookies, nous avons bloqu\u00e9 l\u2019affichage de ce contenu. Si vous souhaitez y acc\u00e9der, vous devez accepter la cat\u00e9gorie de cookies \u201cContenus tiers\u201d en cliquant sur le bouton ci-dessous. <\/p>\n<p> Lire la Vid\u00e9o        <\/p>\n<p class=\"asset asset-text\">En r\u00e9action \u00e0 cette annonce, l\u2019association des correspondants \u00e0 la Maison Blanche s\u2019est indign\u00e9e et \u00ab\u00a0s\u2019oppose sans \u00e9quivoque aux efforts faits pour limiter l\u2019acc\u00e8s des journalistes \u00e0 des espaces au sein du service communication de la Maison Blanche qui ont historiquement servi \u00e0 obtenir des informations, en particulier le bureau de la porte-parole\u00a0\u00bb.<\/p>\n<p>    De vives tensions    <\/p>\n<p class=\"asset asset-text\">La d\u00e9cision de limiter la libre circulation de la presse \u00e0 la Maison Blanche intervient deux semaines apr\u00e8s que le minist\u00e8re am\u00e9ricain de la D\u00e9fense a impos\u00e9 aux journalistes accr\u00e9dit\u00e9s l\u2019interdiction de solliciter ou publier certaines informations sans autorisation explicite du minist\u00e8re. La majorit\u00e9 des m\u00e9dias disposant d\u2019un reporter sur place, du New York Times \u00e0 Fox News en passant par l\u2019AFP, ont refus\u00e9 ces nouvelles conditions, et leurs journalistes ont ainsi quitt\u00e9 leur bureau au sein du Pentagone.<\/p>\n<p class=\"asset asset-text\">La Maison Blanche a aussi modifi\u00e9 depuis janvier le fonctionnement du petit groupe de journalistes charg\u00e9s de suivre le pr\u00e9sident au plus pr\u00e8s, notamment en en excluant l\u2019agence de presse AP, pilier central de la presse dans le pays et plus grande agence de presse de la plan\u00e8te.<\/p>\n<p class=\"asset asset-text\">La pr\u00e9sidence am\u00e9ricaine a aussi ouvert l\u2019acc\u00e8s de ses conf\u00e9rences de presse \u00e0 une galaxie d\u2019influenceurs, dont nombre d\u2019entre-eux ne cachent pas leur soutien \u00e0 Donald Trump.<\/p>\n<p class=\"asset asset-text\">Le pr\u00e9sident, qui d\u00e9crivait les m\u00e9dias traditionnels comme des \u00ab\u00a0ennemis du peuple\u00a0\u00bb lors de son premier mandat, s\u2019en prend r\u00e9guli\u00e8rement \u00e0 des journalistes critiques envers son administration et a lanc\u00e9 plusieurs poursuites judiciaires.<\/p>\n","protected":false},"excerpt":{"rendered":"JIM WATSON \/ AFP La pr\u00e9sidence des \u00c9tats-Unis a annonc\u00e9, ce vendredi 31\u00a0octobre, interdire \u00e0 la presse une&hellip;\n","protected":false},"author":2,"featured_media":504120,"comment_status":"","ping_status":"","sticky":false,"template":"","format":"standard","meta":{"footnotes":""},"categories":[5],"tags":[11,75,73,1011,27,14,9877,78,12,4048,28],"class_list":{"0":"post-504119","1":"post","2":"type-post","3":"status-publish","4":"format-standard","5":"has-post-thumbnail","7":"category-international","8":"tag-actualites","9":"tag-donald-trump","10":"tag-etats-unis","11":"tag-fr","12":"tag-france","13":"tag-international","14":"tag-journalisme","15":"tag-maison-blanche","16":"tag-news","17":"tag-presse","18":"tag-world"},"share_on_mastodon":{"url":"https:\/\/pubeurope.com\/@fr\/115473470831829591","error":""},"_links":{"self":[{"href":"https:\/\/www.europesays.com\/fr\/wp-json\/wp\/v2\/posts\/504119","targetHints":{"allow":["GET"]}}],"collection":[{"href":"https:\/\/www.europesays.com\/fr\/wp-json\/wp\/v2\/posts"}],"about":[{"href":"https:\/\/www.europesays.com\/fr\/wp-json\/wp\/v2\/types\/post"}],"author":[{"embeddable":true,"href":"https:\/\/www.europesays.com\/fr\/wp-json\/wp\/v2\/users\/2"}],"replies":[{"embeddable":true,"href":"https:\/\/www.europesays.com\/fr\/wp-json\/wp\/v2\/comments?post=504119"}],"version-history":[{"count":0,"href":"https:\/\/www.europesays.com\/fr\/wp-json\/wp\/v2\/posts\/504119\/revisions"}],"wp:featuredmedia":[{"embeddable":true,"href":"https:\/\/www.europesays.com\/fr\/wp-json\/wp\/v2\/media\/504120"}],"wp:attachment":[{"href":"https:\/\/www.europesays.com\/fr\/wp-json\/wp\/v2\/media?parent=504119"}],"wp:term":[{"taxonomy":"category","embeddable":true,"href":"https:\/\/www.europesays.com\/fr\/wp-json\/wp\/v2\/categories?post=504119"},{"taxonomy":"post_tag","embeddable":true,"href":"https:\/\/www.europesays.com\/fr\/wp-json\/wp\/v2\/tags?post=504119"}],"curies":[{"name":"wp","href":"https:\/\/api.w.org\/{rel}","templated":true}]}}