{"id":504125,"date":"2025-11-01T08:23:18","date_gmt":"2025-11-01T08:23:18","guid":{"rendered":"https:\/\/www.europesays.com\/fr\/504125\/"},"modified":"2025-11-01T08:23:18","modified_gmt":"2025-11-01T08:23:18","slug":"saint-etienne-la-banque-de-france-demenage-a-partir-de-ce-lundi-3-novembre","status":"publish","type":"post","link":"https:\/\/www.europesays.com\/fr\/504125\/","title":{"rendered":"Saint-\u00c9tienne. La Banque de France d\u00e9m\u00e9nage \u00e0 partir de ce lundi 3\u00a0novembre"},"content":{"rendered":"<p>Install\u00e9e depuis 1886 au 7 rue Arcole, la succursale de la Banque de France de Saint-\u00c9tienne d\u00e9m\u00e9nage vers un nouveau site, au 22 avenue Denfert-Rochereau, \u00e0 partir de ce lundi 3\u00a0novembre. Un transfert qui vise \u00e0 r\u00e9pondre \u00ab\u00a0aux nouvelles exigences soci\u00e9tales et environnementales, et \u00e0 accueillir le public dans les meilleures conditions possibles\u00a0\u00bb indique la Banque de France dans un communiqu\u00e9.<\/p>\n<p>Ainsi, la nouvelle succursale sera implant\u00e9e \u00e0 proximit\u00e9 de la gare centrale de Ch\u00e2teaucreux, et donc \u00ab\u00a0tr\u00e8s bien desservie par les transports en commun. Son acc\u00e8s sera facilit\u00e9 par un accueil du public en rez-de-chauss\u00e9e, accessible aux personnes \u00e0 mobilit\u00e9 r\u00e9duite via le parvis Pierre Laroque\u00a0\u00bb.<\/p>\n<p>De nouveaux locaux modernis\u00e9s et repens\u00e9s \u00ab\u00a0en lien avec les mutations du monde du travail, et activement engag\u00e9s pour le climat par une am\u00e9lioration de la performance \u00e9nerg\u00e9tique du b\u00e2timent\u00a0\u00bb.<\/p>\n<p class=\"note\">Banque de France, 22 avenue Denfert-Rochereau 42000 Saint-Etienne. Le guichet est ouvert, sur rendez-vous prioritairement, de\u00a09\u00a0h \u00e0 12\u00a0h et de 13\u00a0h\u00a030 \u00e0 17\u00a0h du lundi au vendredi. Tel\u00a0: 3414 du lundi au vendredi de 8\u00a0h \u00e0 18\u00a0h.<\/p>\n","protected":false},"excerpt":{"rendered":"Install\u00e9e depuis 1886 au 7 rue Arcole, la succursale de la Banque de France de Saint-\u00c9tienne d\u00e9m\u00e9nage vers&hellip;\n","protected":false},"author":2,"featured_media":504126,"comment_status":"","ping_status":"","sticky":false,"template":"","format":"standard","meta":{"footnotes":""},"categories":[9653],"tags":[1111,11,2430,130,33,7539,1777,674,1011,27,3367,12,25,4001,7538],"class_list":{"0":"post-504125","1":"post","2":"type-post","3":"status-publish","4":"format-standard","5":"has-post-thumbnail","7":"category-saint-etienne","8":"tag-actu","9":"tag-actualites","10":"tag-auvergne-rhone-alpes","11":"tag-consommation","12":"tag-economie","13":"tag-edition-loire-sud","14":"tag-eu","15":"tag-europe","16":"tag-fr","17":"tag-france","18":"tag-loire","19":"tag-news","20":"tag-republique-francaise","21":"tag-saint-etienne","22":"tag-saint-etienne-ville"},"share_on_mastodon":{"url":"https:\/\/pubeurope.com\/@fr\/115473482063261945","error":""},"_links":{"self":[{"href":"https:\/\/www.europesays.com\/fr\/wp-json\/wp\/v2\/posts\/504125","targetHints":{"allow":["GET"]}}],"collection":[{"href":"https:\/\/www.europesays.com\/fr\/wp-json\/wp\/v2\/posts"}],"about":[{"href":"https:\/\/www.europesays.com\/fr\/wp-json\/wp\/v2\/types\/post"}],"author":[{"embeddable":true,"href":"https:\/\/www.europesays.com\/fr\/wp-json\/wp\/v2\/users\/2"}],"replies":[{"embeddable":true,"href":"https:\/\/www.europesays.com\/fr\/wp-json\/wp\/v2\/comments?post=504125"}],"version-history":[{"count":0,"href":"https:\/\/www.europesays.com\/fr\/wp-json\/wp\/v2\/posts\/504125\/revisions"}],"wp:featuredmedia":[{"embeddable":true,"href":"https:\/\/www.europesays.com\/fr\/wp-json\/wp\/v2\/media\/504126"}],"wp:attachment":[{"href":"https:\/\/www.europesays.com\/fr\/wp-json\/wp\/v2\/media?parent=504125"}],"wp:term":[{"taxonomy":"category","embeddable":true,"href":"https:\/\/www.europesays.com\/fr\/wp-json\/wp\/v2\/categories?post=504125"},{"taxonomy":"post_tag","embeddable":true,"href":"https:\/\/www.europesays.com\/fr\/wp-json\/wp\/v2\/tags?post=504125"}],"curies":[{"name":"wp","href":"https:\/\/api.w.org\/{rel}","templated":true}]}}