{"id":504139,"date":"2025-11-01T08:33:14","date_gmt":"2025-11-01T08:33:14","guid":{"rendered":"https:\/\/www.europesays.com\/fr\/504139\/"},"modified":"2025-11-01T08:33:14","modified_gmt":"2025-11-01T08:33:14","slug":"cette-station-de-ski-a-1h-de-grenoble-fait-partie-des-moins-cheres-deurope","status":"publish","type":"post","link":"https:\/\/www.europesays.com\/fr\/504139\/","title":{"rendered":"Cette station de ski \u00e0 1h de Grenoble fait partie des moins ch\u00e8res d&rsquo;Europe"},"content":{"rendered":"<p>            Par<br \/>\n        <strong><br \/>\n            <a href=\"https:\/\/actu.fr\/auteur\/lisa-rodrigues\" title=\"Consulter tous les articles de Lisa Rodrigues\" rel=\"nofollow noopener\" target=\"_blank\">Lisa Rodrigues<\/a><br \/>\n        <\/strong><\/p>\n<p>        Publi\u00e9 le<\/p>\n<p>            1 nov. 2025 \u00e0 7h12        <\/p>\n<p>Encore quelques petites semaines \u00e0 patienter pour les fans de sport d\u2019hiver. Si la <a href=\"https:\/\/actu.fr\/auvergne-rhone-alpes\/saint-pierre-de-chartreuse_38442\/meteo-la-neige-est-de-retour-dans-les-alpes-les-previsions-de-ces-prochains-jours_63359624.html\" rel=\"nofollow noopener\" target=\"_blank\">neige est d\u00e9j\u00e0 de retour en altitude<\/a> dans les massifs de l\u2019<a href=\"https:\/\/actu.fr\/auvergne-rhone-alpes\/isere_38\" rel=\"nofollow noopener\" target=\"_blank\">Is\u00e8re<\/a>, les pistes de ski, elles, ne rouvriront qu\u2019\u00e0 partir de fin novembre.<\/p>\n<p class=\" wall-content\">\u00c0 l\u2019approche de la saison 2025-2026, le site de locations de vacances Holidu vient de publier une \u00e9tude d\u00e9roulant le classement des <strong>stations de ski des plus abordables aux plus ch\u00e8res<\/strong> en Europe, \u00e0 partir des donn\u00e9es de la saison pass\u00e9e.<\/p>\n<p class=\" wall-content\">Et une station pr\u00e8s de Grenoble sort du lot !<\/p>\n<p>Moins de 45 \u20ac par jour et par personne<\/p>\n<p class=\" wall-content\">Il s\u2019agit de la station de <strong>Lans-en-Vercors<\/strong>, \u00e0 moins d\u2019une heure de <a href=\"https:\/\/actu.fr\/auvergne-rhone-alpes\/grenoble_38185\" rel=\"nofollow noopener\" target=\"_blank\">Grenoble<\/a>, qui occupe la deuxi\u00e8me place du classement des destinations les plus abordables.<\/p>\n<p class=\" wall-content\">Pour profiter de ses 23 km de pistes \u00ab\u00a0id\u00e9als pour les skieurs d\u00e9butants et interm\u00e9diaires\u00a0\u00bb, il faut d\u00e9bourser en moyenne <strong>44,20 \u20ac par jour et par personne<\/strong>. Dans le d\u00e9tail des tarifs, Holidu estime le forfait de ski journalier \u00e0 24 \u20ac en haute saison et l\u2019h\u00e9bergement entre 28 \u20ac et 16 \u20ac par personne et par nuit.<\/p>\n<blockquote class=\"ac-article-quote wall-content\">\n<p>Situ\u00e9e dans le pittoresque Parc naturel r\u00e9gional du Vercors, Lans-en-Vercors offre une<br \/>\nambiance familiale et un charme fran\u00e7ais authentique. Avec son altitude allant de 1 400 \u00e0 1 820 m\u00e8tres, cette station est nich\u00e9e dans un environnement prot\u00e9g\u00e9 et enneig\u00e9.<\/p>\n<p>    <strong>Holidu<\/strong>\n            <\/p><\/blockquote>\n<p class=\" wall-content\">Une petite p\u00e9pite pour skier dans une \u00ab\u00a0ambiance de petit village\u00a0\u00bb, souligne le site internet.<\/p>\n<p>Votre r\u00e9gion, votre actu !<\/p>\n<p>Recevez chaque jour les infos qui comptent pour vous.<\/p>\n<p>\t<a href=\"https:\/\/actu.fr\/newsletter\" class=\"ac-btn ac-btn--corner ac-btn--medium ac-btn--blue800\" rel=\"nofollow noopener\" target=\"_blank\">S&rsquo;incrire<\/a><br \/>\nLa France, pays le moins cher pour skier<\/p>\n<p class=\" wall-content\">La premi\u00e8re place du classement est occup\u00e9e par la station <strong>Artouste-Laruns<\/strong> dans les Pyr\u00e9n\u00e9es, qui est donc la plus abordable en Europe avec un co\u00fbt moyen de 43,50 \u20ac par personne et par jour.<\/p>\n<p class=\" wall-content\">La troisi\u00e8me place est aussi occup\u00e9e par une station fran\u00e7aise, celle de R\u00e9allon dans les <a href=\"https:\/\/actu.fr\/provence-alpes-cote-d-azur\/hautes-alpes_05\" rel=\"nofollow noopener\" target=\"_blank\">Hautes-Alpes<\/a>. \u00ab\u00a0La France domine le classement des stations abordables : toutes les 10 premi\u00e8res stations les moins ch\u00e8res se trouvent dans l\u2019Hexagone\u00a0\u00bb, note d\u2019ailleurs Holidu.\u00a0<\/p>\n<p class=\" wall-content\">\u00c0 l\u2019inverse, les stations europ\u00e9ennes les plus co\u00fbteuses sont en Autriche (Obergurgl-Hochgurgl et Obertauern) et en Italie (Cortina d\u2019Ampezzo) : skier dans une de ces stations vous co\u00fbtera <strong>plus de 275 \u20ac en moyenne<\/strong> par personne, pour une journ\u00e9e avec forfait de ski et h\u00e9bergement.<\/p>\n<p class=\" wall-content\">Personnalisez votre actualit\u00e9 en ajoutant vos villes et m\u00e9dias en favori avec <a href=\"https:\/\/moncompte.actu.fr\" title=\"D\u00e9couvez Mon Actu\" rel=\"nofollow noopener\" data-trk=\"{&quot;cta&quot;:{&quot;action&quot;:&quot;https:\\\/\\\/moncompte.actu.fr&quot;,&quot;category&quot;:&quot;mon compte&quot;,&quot;from&quot;:&quot;article footer&quot;,&quot;name&quot;:&quot;Mon actu&quot;,&quot;type&quot;:&quot;cta&quot;}}\" target=\"_blank\">Mon Actu<\/a>.<\/p>\n","protected":false},"excerpt":{"rendered":"Par Lisa Rodrigues Publi\u00e9 le 1 nov. 2025 \u00e0 7h12 Encore quelques petites semaines \u00e0 patienter pour les&hellip;\n","protected":false},"author":2,"featured_media":504140,"comment_status":"","ping_status":"","sticky":false,"template":"","format":"standard","meta":{"footnotes":""},"categories":[9566],"tags":[1111,11,2430,677,1777,674,1011,27,2731,1305,5324,12,25,4129],"class_list":{"0":"post-504139","1":"post","2":"type-post","3":"status-publish","4":"format-standard","5":"has-post-thumbnail","7":"category-grenoble","8":"tag-actu","9":"tag-actualites","10":"tag-auvergne-rhone-alpes","11":"tag-bons-plans","12":"tag-eu","13":"tag-europe","14":"tag-fr","15":"tag-france","16":"tag-grenoble","17":"tag-lifestyle","18":"tag-montagne","19":"tag-news","20":"tag-republique-francaise","21":"tag-ski"},"share_on_mastodon":{"url":"https:\/\/pubeurope.com\/@fr\/115473521451890254","error":""},"_links":{"self":[{"href":"https:\/\/www.europesays.com\/fr\/wp-json\/wp\/v2\/posts\/504139","targetHints":{"allow":["GET"]}}],"collection":[{"href":"https:\/\/www.europesays.com\/fr\/wp-json\/wp\/v2\/posts"}],"about":[{"href":"https:\/\/www.europesays.com\/fr\/wp-json\/wp\/v2\/types\/post"}],"author":[{"embeddable":true,"href":"https:\/\/www.europesays.com\/fr\/wp-json\/wp\/v2\/users\/2"}],"replies":[{"embeddable":true,"href":"https:\/\/www.europesays.com\/fr\/wp-json\/wp\/v2\/comments?post=504139"}],"version-history":[{"count":0,"href":"https:\/\/www.europesays.com\/fr\/wp-json\/wp\/v2\/posts\/504139\/revisions"}],"wp:featuredmedia":[{"embeddable":true,"href":"https:\/\/www.europesays.com\/fr\/wp-json\/wp\/v2\/media\/504140"}],"wp:attachment":[{"href":"https:\/\/www.europesays.com\/fr\/wp-json\/wp\/v2\/media?parent=504139"}],"wp:term":[{"taxonomy":"category","embeddable":true,"href":"https:\/\/www.europesays.com\/fr\/wp-json\/wp\/v2\/categories?post=504139"},{"taxonomy":"post_tag","embeddable":true,"href":"https:\/\/www.europesays.com\/fr\/wp-json\/wp\/v2\/tags?post=504139"}],"curies":[{"name":"wp","href":"https:\/\/api.w.org\/{rel}","templated":true}]}}