{"id":504145,"date":"2025-11-01T08:37:25","date_gmt":"2025-11-01T08:37:25","guid":{"rendered":"https:\/\/www.europesays.com\/fr\/504145\/"},"modified":"2025-11-01T08:37:25","modified_gmt":"2025-11-01T08:37:25","slug":"ils-batissent-un-nouveau-chapitre-a-besancon","status":"publish","type":"post","link":"https:\/\/www.europesays.com\/fr\/504145\/","title":{"rendered":"ils b\u00e2tissent un nouveau chapitre \u00e0 Besan\u00e7on"},"content":{"rendered":"<p>Les marteaux r\u00e9sonnent \u00e0 l\u2019emplacement de l\u2019ancien cin\u00e9ma Vox \u00e0 Besan\u00e7on. L\u00e0 o\u00f9 jadis les spectateurs se pressaient pour r\u00eaver sur grand \u00e9cran, une autre forme de spectacle se joue d\u00e9sormais : celui du labeur, du courage et de la passion.\u00a0Ils ont entre 20 et 58 ans, venus d\u2019horizons diff\u00e9rents, mais unis par le m\u00eame savoir-faire. Ma\u00e7ons, coffreurs-bancheurs, compagnons de l\u2019ombre, ils \u00e9l\u00e8vent chaque jour, \u00e0 la force de leurs bras et de leur exp\u00e9rience, les murs d\u2019un immeuble qui portera bient\u00f4t de nouvelles histoires. Voici leurs visages.<\/p>\n","protected":false},"excerpt":{"rendered":"Les marteaux r\u00e9sonnent \u00e0 l\u2019emplacement de l\u2019ancien cin\u00e9ma Vox \u00e0 Besan\u00e7on. L\u00e0 o\u00f9 jadis les spectateurs se pressaient&hellip;\n","protected":false},"author":2,"featured_media":504146,"comment_status":"","ping_status":"","sticky":false,"template":"","format":"standard","meta":{"footnotes":""},"categories":[2820],"tags":[1111,11,10112,4406,33,14383,1777,674,107,1011,27,5325,2798,775,12,25,801,104,640],"class_list":{"0":"post-504145","1":"post","2":"type-post","3":"status-publish","4":"format-standard","5":"has-post-thumbnail","7":"category-strasbourg","8":"tag-actu","9":"tag-actualites","10":"tag-besancon","11":"tag-commerce-et-services","12":"tag-economie","13":"tag-edition-besancon","14":"tag-eu","15":"tag-europe","16":"tag-fil-info","17":"tag-fr","18":"tag-france","19":"tag-galerie-media","20":"tag-galerie-photo","21":"tag-grand-est","22":"tag-news","23":"tag-republique-francaise","24":"tag-social","25":"tag-societe","26":"tag-strasbourg"},"share_on_mastodon":{"url":"https:\/\/pubeurope.com\/@fr\/115473537256315139","error":""},"_links":{"self":[{"href":"https:\/\/www.europesays.com\/fr\/wp-json\/wp\/v2\/posts\/504145","targetHints":{"allow":["GET"]}}],"collection":[{"href":"https:\/\/www.europesays.com\/fr\/wp-json\/wp\/v2\/posts"}],"about":[{"href":"https:\/\/www.europesays.com\/fr\/wp-json\/wp\/v2\/types\/post"}],"author":[{"embeddable":true,"href":"https:\/\/www.europesays.com\/fr\/wp-json\/wp\/v2\/users\/2"}],"replies":[{"embeddable":true,"href":"https:\/\/www.europesays.com\/fr\/wp-json\/wp\/v2\/comments?post=504145"}],"version-history":[{"count":0,"href":"https:\/\/www.europesays.com\/fr\/wp-json\/wp\/v2\/posts\/504145\/revisions"}],"wp:featuredmedia":[{"embeddable":true,"href":"https:\/\/www.europesays.com\/fr\/wp-json\/wp\/v2\/media\/504146"}],"wp:attachment":[{"href":"https:\/\/www.europesays.com\/fr\/wp-json\/wp\/v2\/media?parent=504145"}],"wp:term":[{"taxonomy":"category","embeddable":true,"href":"https:\/\/www.europesays.com\/fr\/wp-json\/wp\/v2\/categories?post=504145"},{"taxonomy":"post_tag","embeddable":true,"href":"https:\/\/www.europesays.com\/fr\/wp-json\/wp\/v2\/tags?post=504145"}],"curies":[{"name":"wp","href":"https:\/\/api.w.org\/{rel}","templated":true}]}}