{"id":504161,"date":"2025-11-01T08:45:11","date_gmt":"2025-11-01T08:45:11","guid":{"rendered":"https:\/\/www.europesays.com\/fr\/504161\/"},"modified":"2025-11-01T08:45:11","modified_gmt":"2025-11-01T08:45:11","slug":"un-homme-blesse-apres-un-coup-de-couteau-a-toulouse","status":"publish","type":"post","link":"https:\/\/www.europesays.com\/fr\/504161\/","title":{"rendered":"un homme bless\u00e9 apr\u00e8s un coup de couteau \u00e0 Toulouse"},"content":{"rendered":"<p>            Par<br \/>\n        <strong><br \/>\n            <a href=\"https:\/\/actu.fr\/auteur\/david-saint-sernin\" title=\"Consulter tous les articles de David Saint-Sernin\" rel=\"nofollow noopener\" target=\"_blank\">David Saint-Sernin<\/a><br \/>\n        <\/strong><\/p>\n<p>        Publi\u00e9 le<\/p>\n<p>            1 nov. 2025 \u00e0 8h04        <\/p>\n<p>Vendredi 31\u00a0octobre 2025, vers 21h36, les sapeurs-pompiers de Haute-Garonne sont intervenus rue Andr\u00e9 Vasseur, quartier Croix-Daurade, au nord-est de Toulouse, pour porter secours \u00e0 un homme de 29\u00a0ans pr\u00e9sentant une plaie suite \u00e0 un <strong>coup de couteau<\/strong> au niveau des c\u00f4tes.<\/p>\n<p>Plaie importante \u00e0 l\u2019abdomen<\/p>\n<p class=\" wall-content\">L\u2019homme a pr\u00e9cis\u00e9ment \u00e9t\u00e9 touch\u00e9 \u00e0 l\u2019abdomen. La plaie serait cons\u00e9quente, \u00ab\u2009mesurant une douzaine de centim\u00e8tres\u2009\u00bb, selon une source polici\u00e8re. La victime a \u00e9t\u00e9 transport\u00e9e en d\u00e9choquage \u00e0 Rangueil.<\/p>\n<p>Une bousculade qui d\u00e9g\u00e9n\u00e8re<\/p>\n<p class=\" wall-content\">\u00ab\u2009D\u2019apr\u00e8s les t\u00e9moignages recueillis sur place, le coup de couteau fait suite \u00e0 une bousculade qui a d\u00e9g\u00e9n\u00e9r\u00e9 en dispute verbale. Un individu a pris la fuite en scooter\u2009\u00bb, poursuit notre source qui indique\u2009:<\/p>\n<p class=\" wall-content\">L\u2019individu pouvant \u00eatre l\u2019auteur des faits a \u00e9t\u00e9 interpell\u00e9 quelques minutes plus tard, puis plac\u00e9 en garde \u00e0 vue.<\/p>\n<p>Un quartier tranquille<\/p>\n<p class=\" wall-content\">Les faits se sont produits devant un espace commercial dans un quartier plut\u00f4t connu pour sa tranquilit\u00e9.<\/p>\n<p class=\" wall-content\">Plus d\u2019informations \u00e0 venir<\/p>\n<p>    <a href=\"https:\/\/www.google.com\/maps\/embed?pb=!1m18!1m12!1m3!1d103770.31975325756!2d1.3672240499338604!3d43.60599147769508!2m3!1f0!2f0!3f0!3m2!1i1024!2i768!4f13.1!3m3!1m2!1s0x12aea331d7c44223%3A0x140d6f28f3cbe048!2s24%20Rue%20Andr%C3%A9%20Vasseur%2C%2031200%20Toulouse!5e0!3m2!1sfr!2sfr!4v1761980586647!5m2!1sfr!2sfr\" title=\"Ouvrie le lien\" rel=\"nofollow noopener\" target=\"_blank\">Cliquez ici pour visualiser le contenu<\/a><\/p>\n<p class=\" wall-content\">Personnalisez votre actualit\u00e9 en ajoutant vos villes et m\u00e9dias en favori avec <a href=\"https:\/\/moncompte.actu.fr\" title=\"D\u00e9couvez Mon Actu\" rel=\"nofollow noopener\" data-trk=\"{&quot;cta&quot;:{&quot;action&quot;:&quot;https:\\\/\\\/moncompte.actu.fr&quot;,&quot;category&quot;:&quot;mon compte&quot;,&quot;from&quot;:&quot;article footer&quot;,&quot;name&quot;:&quot;Mon actu&quot;,&quot;type&quot;:&quot;cta&quot;}}\" target=\"_blank\">Mon Actu<\/a>.<\/p>\n","protected":false},"excerpt":{"rendered":"Par David Saint-Sernin Publi\u00e9 le 1 nov. 2025 \u00e0 8h04 Vendredi 31\u00a0octobre 2025, vers 21h36, les sapeurs-pompiers de&hellip;\n","protected":false},"author":2,"featured_media":504162,"comment_status":"","ping_status":"","sticky":false,"template":"","format":"standard","meta":{"footnotes":""},"categories":[2816],"tags":[1111,11,1777,674,118,1011,27,12,2680,1072,25,2312],"class_list":{"0":"post-504161","1":"post","2":"type-post","3":"status-publish","4":"format-standard","5":"has-post-thumbnail","7":"category-toulouse","8":"tag-actu","9":"tag-actualites","10":"tag-eu","11":"tag-europe","12":"tag-faits-divers","13":"tag-fr","14":"tag-france","15":"tag-news","16":"tag-occitanie","17":"tag-police","18":"tag-republique-francaise","19":"tag-toulouse"},"share_on_mastodon":{"url":"https:\/\/pubeurope.com\/@fr\/115473568512427411","error":""},"_links":{"self":[{"href":"https:\/\/www.europesays.com\/fr\/wp-json\/wp\/v2\/posts\/504161","targetHints":{"allow":["GET"]}}],"collection":[{"href":"https:\/\/www.europesays.com\/fr\/wp-json\/wp\/v2\/posts"}],"about":[{"href":"https:\/\/www.europesays.com\/fr\/wp-json\/wp\/v2\/types\/post"}],"author":[{"embeddable":true,"href":"https:\/\/www.europesays.com\/fr\/wp-json\/wp\/v2\/users\/2"}],"replies":[{"embeddable":true,"href":"https:\/\/www.europesays.com\/fr\/wp-json\/wp\/v2\/comments?post=504161"}],"version-history":[{"count":0,"href":"https:\/\/www.europesays.com\/fr\/wp-json\/wp\/v2\/posts\/504161\/revisions"}],"wp:featuredmedia":[{"embeddable":true,"href":"https:\/\/www.europesays.com\/fr\/wp-json\/wp\/v2\/media\/504162"}],"wp:attachment":[{"href":"https:\/\/www.europesays.com\/fr\/wp-json\/wp\/v2\/media?parent=504161"}],"wp:term":[{"taxonomy":"category","embeddable":true,"href":"https:\/\/www.europesays.com\/fr\/wp-json\/wp\/v2\/categories?post=504161"},{"taxonomy":"post_tag","embeddable":true,"href":"https:\/\/www.europesays.com\/fr\/wp-json\/wp\/v2\/tags?post=504161"}],"curies":[{"name":"wp","href":"https:\/\/api.w.org\/{rel}","templated":true}]}}