{"id":504168,"date":"2025-11-01T08:49:09","date_gmt":"2025-11-01T08:49:09","guid":{"rendered":"https:\/\/www.europesays.com\/fr\/504168\/"},"modified":"2025-11-01T08:49:09","modified_gmt":"2025-11-01T08:49:09","slug":"tous-ces-restaurants-de-marseille-sont-a-moitie-prix-pendant-une-duree-limitee","status":"publish","type":"post","link":"https:\/\/www.europesays.com\/fr\/504168\/","title":{"rendered":"Tous ces restaurants de Marseille sont \u00e0 moiti\u00e9 prix pendant une dur\u00e9e limit\u00e9e"},"content":{"rendered":"<p>            Par<br \/>\n        <strong><br \/>\n            <a href=\"https:\/\/actu.fr\/auteur\/fabien-binacchi\" title=\"Consulter tous les articles de Fabien Binacchi\" target=\"_blank\" rel=\"noopener\">Fabien Binacchi<\/a><br \/>\n        <\/strong><\/p>\n<p>        Publi\u00e9 le<\/p>\n<p>            1 nov. 2025 \u00e0 8h58        <\/p>\n<p>Une bonne occasion de se faire plaisir pour pas trop cher. Et, au mieux, de faire des (belles) d\u00e9couvertes. Jusqu\u2019au 30\u00a0novembre 2025, le festival TheFork est de retour pour une nouvelle \u00e9dition en France, et notamment \u00e0 <a href=\"https:\/\/actu.fr\/marseille\/\" target=\"_blank\" rel=\"noopener\">Marseille.<\/a> \u00c0 cette occasion, l\u2019appli de r\u00e9servation et les restaurants participants proposent de fortes remises, <strong>le plus souvent \u00e0 -50\u2009%.<\/strong><\/p>\n<p class=\" wall-content\">Voici comment \u00e7a marche.<\/p>\n<p>33 \u00e9tablissements \u00e0 Marseille<\/p>\n<p class=\" wall-content\">Les Fran\u00e7ais font attention \u00e0 leur d\u00e9pense. Selon une \u00e9tude relay\u00e9e par <a href=\"https:\/\/resto.zepros.fr\/fournisseurs\/services\/etude-lightspeed-francais-reduisent-leurs-sorties-restaurant\" target=\"_blank\" rel=\"noopener\">Zepros<\/a> et men\u00e9e en mai\u00a02025 pour <a href=\"https:\/\/www.lightspeedhq.fr\/\" target=\"_blank\" rel=\"noopener\">Lightspeed,<\/a> une entreprise sp\u00e9cialis\u00e9e dans les logiciels de paiements, <strong>plus d\u2019un Fran\u00e7ais sur 2 (55\u2009%) a r\u00e9duit ses sorties au restaurant.<\/strong><\/p>\n<p class=\" wall-content\">La plupart du temps \u00e0 cause de l\u2019inflation. La flamb\u00e9e des prix de l\u2019\u00e9nergie et des mati\u00e8res premi\u00e8res \u00e9tant pass\u00e9e par l\u00e0. Bonne nouvelle, des restaurateurs, soucieux de <strong>voir leurs \u00e9tablissements bien remplis<\/strong>, participent en ce moment au festival TheFork. \u00c0 Marseille, selon les responsables de l\u2019appli, ils sont 33 \u00e0 \u00eatre concern\u00e9s jusqu\u2019au 30\u00a0novembre.<\/p>\n<p class=\" wall-content\">Voil\u00e0 les dix qui obtiennent les meilleures notes\u2009:<\/p>\n<ul class=\" wall-content\">\n<li>Les Frangines (9 boulevard d\u2019Ath\u00e8nes, 1er)<\/li>\n<li>Italian Food (15 boulevard Brumaire, 13e)<\/li>\n<li>Daym\u00e9 Op\u00e9ra (4 rue Corneille, 1er)<\/li>\n<li>Itamae (27 rue de l\u2019Abb\u00e9 F\u00e9raud, 5e)<\/li>\n<li>C\u00f4t\u00e9 Sud (28 rue Mar\u00e9chal Fayolle, 4e)<\/li>\n<li>O\u2019Canotier (253 Corniche Kennedy, 7e)<\/li>\n<li>Chez PP (2 avenue des Borrom\u00e9es, 12e)<\/li>\n<li>Chez Alain (4 rue de la R\u00e9publique, 1er)<\/li>\n<li>Basilic &amp; Co (93 rue de la R\u00e9publique, 2e)<\/li>\n<li>Boccascena (50 quai du Lazaret, 2e)<\/li>\n<\/ul>\n<p>De -20\u2009% \u00e0 -50\u2009%<\/p>\n<p class=\" wall-content\">Concr\u00e8tement, dans la trentaine de restaurants participants, des quotas de r\u00e9servations avec additions remis\u00e9es <strong>(de -20\u2009% \u00e0 -50\u2009%)<\/strong> sont propos\u00e9s. Les places sont donc limit\u00e9es. Les ristournes s\u2019appliquent sur toute la carte, hors menus, boissons et autres exclusions.<\/p>\n<p>Votre r\u00e9gion, votre actu !<\/p>\n<p>Recevez chaque jour les infos qui comptent pour vous.<\/p>\n<p>\t<a href=\"https:\/\/actu.fr\/newsletter\" class=\"ac-btn ac-btn--corner ac-btn--medium ac-btn--blue800\" target=\"_blank\" rel=\"noopener\">S&rsquo;incrire<\/a><br \/>\nUne vitrine pour les restaurateurs<\/p>\n<p>En plus de permettre \u00e0 des clients de se faire plaisir \u00e0 plus petit prix, l&rsquo;op\u00e9ration fait \u00e9galement \u00ab\u00a0b\u00e9n\u00e9ficier\u00a0\u00bb les restaurateurs \u00ab\u00a0d\u2019une visibilit\u00e9 accrue\u00a0\u00bb. \u00ab\u00a0En effet, ce sont en moyenne 3,5 fois plus de visites sur leur page et jusqu\u2019\u00e0 5 fois plus de r\u00e9servations qui sont enregistr\u00e9es lors du Festival TheFork, en comparaison aux \u00e9tablissements qui ne prennent pas part \u00e0 l\u2019op\u00e9ration\u00a0\u00bb, avancent les responsables de l&rsquo;appli.<\/p>\n<p class=\" wall-content\">Pour y avoir droit, il faut r\u00e9server via <a href=\"https:\/\/url.de.m.mimecastprotect.com\/s\/_HIPCk2GXxhWKm2ms2fVuGLtHN?domain=thefork.fr\" target=\"_blank\" rel=\"noopener\">cette adresse<\/a> ou sur l\u2019appli, en cliquant sur l\u2019encart \u00ab\u2009TheFork Festival, -50\u2009% dans les meilleurs restos, r\u00e9servez maintenant\u2009\u00bb. Il ne reste plus qu\u2019\u00e0 choisir le jour, l\u2019heure de votre visite et le nombre de personnes, <strong>en veillant bien \u00e0 ce que la promotion vis\u00e9e soit enregistr\u00e9e,<\/strong> et le tour est jou\u00e9.<\/p>\n<p class=\" wall-content\">Les r\u00e9ductions seront appliqu\u00e9es <strong>directement sur l\u2019addition.<\/strong> N\u2019h\u00e9sitez pas \u00e0 rappeler au restaurateur, \u00e0 votre arriv\u00e9e, que vous avez r\u00e9serv\u00e9 via TheFork et avec une promotion.<\/p>\n<p class=\" wall-content\">Personnalisez votre actualit\u00e9 en ajoutant vos villes et m\u00e9dias en favori avec <a href=\"https:\/\/moncompte.actu.fr\" title=\"D\u00e9couvez Mon Actu\" rel=\"nofollow noopener\" data-trk=\"{&quot;cta&quot;:{&quot;action&quot;:&quot;https:\\\/\\\/moncompte.actu.fr&quot;,&quot;category&quot;:&quot;mon compte&quot;,&quot;from&quot;:&quot;article footer&quot;,&quot;name&quot;:&quot;Mon actu&quot;,&quot;type&quot;:&quot;cta&quot;}}\" target=\"_blank\">Mon Actu<\/a>.<\/p>\n","protected":false},"excerpt":{"rendered":"Par Fabien Binacchi Publi\u00e9 le 1 nov. 2025 \u00e0 8h58 Une bonne occasion de se faire plaisir pour&hellip;\n","protected":false},"author":2,"featured_media":504169,"comment_status":"","ping_status":"","sticky":false,"template":"","format":"standard","meta":{"footnotes":""},"categories":[2814],"tags":[1111,11,677,1777,674,1011,27,1305,884,12,882,25,1340],"class_list":{"0":"post-504168","1":"post","2":"type-post","3":"status-publish","4":"format-standard","5":"has-post-thumbnail","7":"category-marseille","8":"tag-actu","9":"tag-actualites","10":"tag-bons-plans","11":"tag-eu","12":"tag-europe","13":"tag-fr","14":"tag-france","15":"tag-lifestyle","16":"tag-marseille","17":"tag-news","18":"tag-provence-alpes-cote-dazur","19":"tag-republique-francaise","20":"tag-restaurant"},"share_on_mastodon":{"url":"https:\/\/pubeurope.com\/@fr\/115473584350850224","error":""},"_links":{"self":[{"href":"https:\/\/www.europesays.com\/fr\/wp-json\/wp\/v2\/posts\/504168","targetHints":{"allow":["GET"]}}],"collection":[{"href":"https:\/\/www.europesays.com\/fr\/wp-json\/wp\/v2\/posts"}],"about":[{"href":"https:\/\/www.europesays.com\/fr\/wp-json\/wp\/v2\/types\/post"}],"author":[{"embeddable":true,"href":"https:\/\/www.europesays.com\/fr\/wp-json\/wp\/v2\/users\/2"}],"replies":[{"embeddable":true,"href":"https:\/\/www.europesays.com\/fr\/wp-json\/wp\/v2\/comments?post=504168"}],"version-history":[{"count":0,"href":"https:\/\/www.europesays.com\/fr\/wp-json\/wp\/v2\/posts\/504168\/revisions"}],"wp:featuredmedia":[{"embeddable":true,"href":"https:\/\/www.europesays.com\/fr\/wp-json\/wp\/v2\/media\/504169"}],"wp:attachment":[{"href":"https:\/\/www.europesays.com\/fr\/wp-json\/wp\/v2\/media?parent=504168"}],"wp:term":[{"taxonomy":"category","embeddable":true,"href":"https:\/\/www.europesays.com\/fr\/wp-json\/wp\/v2\/categories?post=504168"},{"taxonomy":"post_tag","embeddable":true,"href":"https:\/\/www.europesays.com\/fr\/wp-json\/wp\/v2\/tags?post=504168"}],"curies":[{"name":"wp","href":"https:\/\/api.w.org\/{rel}","templated":true}]}}