{"id":50420,"date":"2025-04-25T00:01:09","date_gmt":"2025-04-25T00:01:09","guid":{"rendered":"https:\/\/www.europesays.com\/fr\/50420\/"},"modified":"2025-04-25T00:01:09","modified_gmt":"2025-04-25T00:01:09","slug":"previsions-du-vendredi-25-avril-2025-7","status":"publish","type":"post","link":"https:\/\/www.europesays.com\/fr\/50420\/","title":{"rendered":"pr\u00e9visions du vendredi 25 avril 2025"},"content":{"rendered":"<p>Aujourd&rsquo;hui, on anticipe pour Lyon des temp\u00e9ratures d&rsquo;environ 12\u00b0C. Un vent de nord-ouest rafra\u00eechira l\u00e9g\u00e8rement l&rsquo;atmosph\u00e8re. Malheureusement, il y aura encore des nuages le matin. Le soleil sera au rendez-vous : un magnifique apr\u00e8s-midi se profile ! Les valeurs s&rsquo;\u00e9chelonneront entre 15 et 17\u00b0C. Dans la soir\u00e9e, les temp\u00e9ratures seront de 11\u00b0C. Pendant votre sommeil, dans la nuit de vendredi \u00e0 samedi, le ciel sera clair.<\/p>\n<p>Il fera 12\u00b0C en moyenne \u00e0 Lyon demain. Le matin, de petits nuages ne voudront pas laisser leur place au soleil. Il va faire en moyenne 11\u00b0C. Un petit vent de nord-est sera ressenti par les habitants. Le ciel va s&rsquo;\u00e9claircir dans l&rsquo;apr\u00e8s-midi. Les temp\u00e9ratures vont conna\u00eetre une hausse de plusieurs degr\u00e9s. Les maximales atteindront les 17\u00b0C tandis que les minimales seront de 15\u00b0C. Une l\u00e9g\u00e8re brise de nord-ouest soufflera au cours de la soir\u00e9e.<\/p>\n<p>Des \u00e9volutions par la suite. La m\u00e9t\u00e9o sera variable les jours suivants. Une am\u00e9lioration est annonc\u00e9e lundi, tandis que la journ\u00e9e de dimanche aura \u00e9t\u00e9 pluvieuse.<\/p>\n<p><\/p>\n","protected":false},"excerpt":{"rendered":"Aujourd&rsquo;hui, on anticipe pour Lyon des temp\u00e9ratures d&rsquo;environ 12\u00b0C. Un vent de nord-ouest rafra\u00eechira l\u00e9g\u00e8rement l&rsquo;atmosph\u00e8re. Malheureusement, il&hellip;\n","protected":false},"author":2,"featured_media":50421,"comment_status":"","ping_status":"","sticky":false,"template":"","format":"standard","meta":{"footnotes":""},"categories":[1889],"tags":[1111,11,2430,1777,674,1011,27,2428,12,2119,25,2429,2431],"class_list":{"0":"post-50420","1":"post","2":"type-post","3":"status-publish","4":"format-standard","5":"has-post-thumbnail","7":"category-lyon","8":"tag-actu","9":"tag-actualites","10":"tag-auvergne-rhone-alpes","11":"tag-eu","12":"tag-europe","13":"tag-fr","14":"tag-france","15":"tag-lyon","16":"tag-news","17":"tag-previsions-meteo","18":"tag-republique-francaise","19":"tag-rhone","20":"tag-rhone-alpes"},"share_on_mastodon":{"url":"https:\/\/pubeurope.com\/@fr\/114395669124580901","error":""},"_links":{"self":[{"href":"https:\/\/www.europesays.com\/fr\/wp-json\/wp\/v2\/posts\/50420","targetHints":{"allow":["GET"]}}],"collection":[{"href":"https:\/\/www.europesays.com\/fr\/wp-json\/wp\/v2\/posts"}],"about":[{"href":"https:\/\/www.europesays.com\/fr\/wp-json\/wp\/v2\/types\/post"}],"author":[{"embeddable":true,"href":"https:\/\/www.europesays.com\/fr\/wp-json\/wp\/v2\/users\/2"}],"replies":[{"embeddable":true,"href":"https:\/\/www.europesays.com\/fr\/wp-json\/wp\/v2\/comments?post=50420"}],"version-history":[{"count":0,"href":"https:\/\/www.europesays.com\/fr\/wp-json\/wp\/v2\/posts\/50420\/revisions"}],"wp:featuredmedia":[{"embeddable":true,"href":"https:\/\/www.europesays.com\/fr\/wp-json\/wp\/v2\/media\/50421"}],"wp:attachment":[{"href":"https:\/\/www.europesays.com\/fr\/wp-json\/wp\/v2\/media?parent=50420"}],"wp:term":[{"taxonomy":"category","embeddable":true,"href":"https:\/\/www.europesays.com\/fr\/wp-json\/wp\/v2\/categories?post=50420"},{"taxonomy":"post_tag","embeddable":true,"href":"https:\/\/www.europesays.com\/fr\/wp-json\/wp\/v2\/tags?post=50420"}],"curies":[{"name":"wp","href":"https:\/\/api.w.org\/{rel}","templated":true}]}}