{"id":504203,"date":"2025-11-01T09:08:13","date_gmt":"2025-11-01T09:08:13","guid":{"rendered":"https:\/\/www.europesays.com\/fr\/504203\/"},"modified":"2025-11-01T09:08:13","modified_gmt":"2025-11-01T09:08:13","slug":"marche-automobile-en-france-octobre-confirme-une-annee-difficile","status":"publish","type":"post","link":"https:\/\/www.europesays.com\/fr\/504203\/","title":{"rendered":"March\u00e9 automobile en France\u00a0: octobre confirme une ann\u00e9e difficile"},"content":{"rendered":"<p>En octobre, 135 529 nouvelles voitures particuli\u00e8res ont \u00e9t\u00e9 immatricul\u00e9es, selon les chiffres publi\u00e9s ce samedi par la <a href=\"https:\/\/pfa-auto.fr\/\" target=\"_blank\" rel=\"noopener\">Plateforme automobile<\/a> (PFA), l\u2019association des constructeurs et \u00e9quipementiers.<\/p>\n<p>Sur les dix premiers mois de l\u2019ann\u00e9e, les ventes ont recul\u00e9 de 5,4 %, avec 1 326 302 voitures, avec deux jours ouvr\u00e9s de moins. \u00ab C\u2019est un march\u00e9 marqu\u00e9 par l\u2019attentisme des consommateurs, quand on repense \u00e0 octobre 2024, o\u00f9 il avait chut\u00e9 de 11 % sur un an \u00bb, a comment\u00e9 une porte-parole de l\u2019association professionnelle. \u00ab Et il n\u2019y a malheureusement pas de signaux qui laissent penser que la conjoncture va s\u2019am\u00e9liorer, alors que le march\u00e9 \u00e9tait de 170 000 voitures par mois avant le covid \u00bb.<\/p>\n<p>Les constructeurs attendaient un certain rebond gr\u00e2ce au <a href=\"https:\/\/www.ecologie.gouv.fr\/leasing-social\" target=\"_blank\" rel=\"noopener\">\u00ab leasing social \u00bb<\/a>, la location avec option d\u2019achat de v\u00e9hicules \u00e9lectriques pour les m\u00e9nages modestes avec aide de l\u2019\u00c9tat. Il s\u2019est peu fait sentir.<\/p>\n<p>\u00ab Loin des objectifs esp\u00e9r\u00e9s \u00bb pour l\u2019\u00e9lectrique<\/p>\n<p>\u00ab L\u2019\u00e9lectrique repr\u00e9sente 24 % du march\u00e9 sur le mois, 19 % depuis le d\u00e9but de l\u2019ann\u00e9e. C\u2019est loin des objectifs esp\u00e9r\u00e9s \u00bb, a estim\u00e9 la porte-parole de la PFA. Mercredi, le minist\u00e8re des Transports faisait \u00e9tat de 41 500 b\u00e9n\u00e9ficiaires au bout d\u2019un mois, sur les 50 000 possibles.<\/p>\n<p>La moiti\u00e9 du march\u00e9 fran\u00e7ais pour Stellantis et Renault<\/p>\n<p>En octobre, les groupes Stellantis et Renault se partagent la moiti\u00e9 du march\u00e9 fran\u00e7ais, avec 25,4 % et 24,5 % respectivement. Renault conna\u00eet une meilleure dynamique, avec des ventes en hausse de 2,5 % sur les dix premiers mois de l\u2019ann\u00e9e, tandis que celles de Stellantis reculent de 8,3 %. Cette contraction est principalement due \u00e0 Peugeot et Fiat, tandis que Citro\u00ebn se maintient.<\/p>\n<p>Le march\u00e9 des v\u00e9hicules utilitaires l\u00e9gers va mal lui aussi, en baisse de 7 % sur un an lors des dix premiers mois de 2025.<\/p>\n","protected":false},"excerpt":{"rendered":"En octobre, 135 529 nouvelles voitures particuli\u00e8res ont \u00e9t\u00e9 immatricul\u00e9es, selon les chiffres publi\u00e9s ce samedi par la&hellip;\n","protected":false},"author":2,"featured_media":504204,"comment_status":"","ping_status":"","sticky":false,"template":"","format":"standard","meta":{"footnotes":""},"categories":[4],"tags":[11,646,33,765,1011,27,12,25],"class_list":{"0":"post-504203","1":"post","2":"type-post","3":"status-publish","4":"format-standard","5":"has-post-thumbnail","7":"category-france","8":"tag-actualites","9":"tag-automobile","10":"tag-economie","11":"tag-en-continu","12":"tag-fr","13":"tag-france","14":"tag-news","15":"tag-republique-francaise"},"share_on_mastodon":{"url":"https:\/\/pubeurope.com\/@fr\/115473659107553546","error":""},"_links":{"self":[{"href":"https:\/\/www.europesays.com\/fr\/wp-json\/wp\/v2\/posts\/504203","targetHints":{"allow":["GET"]}}],"collection":[{"href":"https:\/\/www.europesays.com\/fr\/wp-json\/wp\/v2\/posts"}],"about":[{"href":"https:\/\/www.europesays.com\/fr\/wp-json\/wp\/v2\/types\/post"}],"author":[{"embeddable":true,"href":"https:\/\/www.europesays.com\/fr\/wp-json\/wp\/v2\/users\/2"}],"replies":[{"embeddable":true,"href":"https:\/\/www.europesays.com\/fr\/wp-json\/wp\/v2\/comments?post=504203"}],"version-history":[{"count":0,"href":"https:\/\/www.europesays.com\/fr\/wp-json\/wp\/v2\/posts\/504203\/revisions"}],"wp:featuredmedia":[{"embeddable":true,"href":"https:\/\/www.europesays.com\/fr\/wp-json\/wp\/v2\/media\/504204"}],"wp:attachment":[{"href":"https:\/\/www.europesays.com\/fr\/wp-json\/wp\/v2\/media?parent=504203"}],"wp:term":[{"taxonomy":"category","embeddable":true,"href":"https:\/\/www.europesays.com\/fr\/wp-json\/wp\/v2\/categories?post=504203"},{"taxonomy":"post_tag","embeddable":true,"href":"https:\/\/www.europesays.com\/fr\/wp-json\/wp\/v2\/tags?post=504203"}],"curies":[{"name":"wp","href":"https:\/\/api.w.org\/{rel}","templated":true}]}}