{"id":504211,"date":"2025-11-01T09:16:21","date_gmt":"2025-11-01T09:16:21","guid":{"rendered":"https:\/\/www.europesays.com\/fr\/504211\/"},"modified":"2025-11-01T09:16:21","modified_gmt":"2025-11-01T09:16:21","slug":"clement-horny-jai-progresse-actualite","status":"publish","type":"post","link":"https:\/\/www.europesays.com\/fr\/504211\/","title":{"rendered":"Cl\u00e9ment Horny : \u00ab J&rsquo;ai progress\u00e9 \u00bb &#8211; Actualit\u00e9"},"content":{"rendered":"<p style=\"text-align: justify;\"><strong>Sacr\u00e9 chez les \u00c9lites sans contrat en janvier dernier sur le circuit d\u2019Heusden-Zolder, l&rsquo;Hennuyer d\u2019Anderlues Cl\u00e9ment Horny qui va f\u00eater ses 25 ans le 11 novembre, a boucl\u00e9 dimanche la manche du Super Prestige de cyclo-cross \u00e0 Overijse en vingti\u00e8me position \u00e0 un peu plus de deux minutes et trente secondes du laur\u00e9at Michael Vanthourenhout. Une vraie gageure avec au d\u00e9part la pr\u00e9sence d\u2019une bonne partie du top mondial de la sp\u00e9cialit\u00e9. Terminant devant des coureurs de la trempe du vice-Champion d\u2019Europe \u00c9lite 2024, l\u2019Espagnol Felipe Orts, ou encore l\u2019Italien Stefani Viezzi et le n\u00e9erlandais Ryan Kamp, le laur\u00e9at de la manche dominicale de la Coupe de France \u00e0 Troyes en d\u00e9cembre 2022 s\u2019est livr\u00e9 \u00e0 DirectVelo aussit\u00f4t la ligne franchie.<\/strong><\/p>\n<p><strong>DirectVelo : Tu accroches un Top 20 ici en Super Prestige\u2026<\/strong><br \/>Cl\u00e9ment Horny : Au d\u00e9but, j\u2019\u00e9tais dans le premier groupe mais je pense ensuite apr\u00e8s avoir accus\u00e9 un peu le coup de ma semaine o\u00f9 j\u2019ai pris un petit refroidissement avec forc\u00e9ment pas de bonnes nuits et le nez un peu encombr\u00e9. Mais cela confirme que j\u2019ai progress\u00e9 car d\u2019habitude je ne suis pas dans cette position-l\u00e0 en d\u00e9but de saison. L\u00e0, je retrouve un peu les sensations de la fin de saison pass\u00e9e o\u00f9 mon niveau \u00e9tait vraiment plus haut. Cela montre que j\u2019ai r\u00e9ussi \u00e0 maintenir ce niveau-l\u00e0 et \u00e0 travailler pour que ce soit mon niveau de base. Maintenant, on va aller chercher les quelques pourcentages qu\u2019il manque encore pour progresser. Je pense que ce n\u2019est pas imbu de ma personne de faire encore de meilleures courses par la suite.<\/p>\n<p><strong>\u00ab TOUJOURS PAS L&rsquo;AM\u00c9RIQUE \u00bb<\/strong><\/p>\n<p><strong>Est-ce que le titre d\u00e9croch\u00e9 la saison derni\u00e8re chez les \u00c9lites sans contrat a chang\u00e9 les choses ?<\/strong><br \/>Ma motivation pour le cyclo-cross reste toujours intacte mais je pensais que le titre national chez les \u00c9lites sans contrat allait ouvrir plus de portes que cela. La F\u00e9d\u00e9ration Wallonie-Bruxelles a mis des moyens suppl\u00e9mentaires en place pour nous mettre, moi et Antoine (Jamin) dans de meilleures conditions. Ce n\u2019est toujours pas l\u2019Am\u00e9rique mais on s\u2019en sort de mieux en mieux. Certes ce n\u2019est jamais simple pour les partenaires, pour l\u2019\u00e9quipe (BH-Wallonie) ou pour nous, mais il y a un petit plus apport\u00e9 et \u00e7a fait plaisir. Cela prouve qu\u2019il y a des gens qui nous soutiennent et croient en nous, donc c\u2019est vraiment cool.<\/p>\n<p><strong>Comment t\u2019es-tu pr\u00e9par\u00e9 pour la saison de cyclo-cross ?<\/strong><br \/>J\u2019ai fait la saison de VTT et j\u2019ai encha\u00een\u00e9 direct. J\u2019ai pris une tr\u00e8s courte p\u00e9riode de repos mais c\u2019\u00e9tait un choix car le cyclo-cross c\u2019est ce que j\u2019aime et j\u2019y prends de plus en plus de plaisir. La forme est d\u00e9j\u00e0 l\u00e0 et il va falloir la maintenir jusqu&rsquo;\u00e0 la fin de la saison.<\/p>\n<p><strong>\u00ab DE BELLES CHOSES QUI ARRIVENT \u00bb<\/strong><\/p>\n<p><strong>Tu viens de faire un s\u00e9jour b\u00e9n\u00e9fique en Su\u00e8de avec quatre succ\u00e8s sur des C2\u2026<\/strong><br \/>C\u2019\u00e9tait le but : aller chercher des points en d\u00e9but de saison. Voil\u00e0, ma mission est accomplie \u00e0 ce niveau-l\u00e0 et les semaines qui viennent, je vais pouvoir rouler en Belgique sur les gros \u00e9v\u00e9nements.<\/p>\n<p><strong>Quel est ton calendrier \u00e0 venir ?<\/strong><br \/>Si on veut, on peut rouler deux fois par semaine et parfois m\u00eame trois ici en Belgique. Ma prochaine course est \u00e0 Lokeren le 2 novembre (sur une manche du X\u00b2O Trofee). La saison suit son cours et il y a encore de belles choses qui arrivent. J\u2019irai \u00e9galement rouler en France en novembre, sur le C2 de Gernelle dans les Ardennes.<\/p>\n","protected":false},"excerpt":{"rendered":"Sacr\u00e9 chez les \u00c9lites sans contrat en janvier dernier sur le circuit d\u2019Heusden-Zolder, l&rsquo;Hennuyer d\u2019Anderlues Cl\u00e9ment Horny qui&hellip;\n","protected":false},"author":2,"featured_media":504212,"comment_status":"","ping_status":"","sticky":false,"template":"","format":"standard","meta":{"footnotes":""},"categories":[1411],"tags":[834,828,836,829,837,827,83,826,824,823,1154,207,814,817,815,816,822,821,832,211,839,1011,27,820,818,819,835,831,830,833,838,60,212,208,825],"class_list":{"0":"post-504211","1":"post","2":"type-post","3":"status-publish","4":"format-standard","5":"has-post-thumbnail","7":"category-cyclisme","8":"tag-attaque","9":"tag-belgique","10":"tag-braquet","11":"tag-bretagne","12":"tag-chute","13":"tag-competition","14":"tag-coupe-de-france","15":"tag-coureur","16":"tag-course-cyclisme","17":"tag-course-cycliste","18":"tag-cycling","19":"tag-cyclisme","20":"tag-direct","21":"tag-direct-velo","22":"tag-directvelo","23":"tag-directvelo-com","24":"tag-epreuve","25":"tag-epreuve-cycliste","26":"tag-federation-francaise-de-cyclisme","27":"tag-ffc","28":"tag-flandres","29":"tag-fr","30":"tag-france","31":"tag-live","32":"tag-live-course","33":"tag-live-epreuve","34":"tag-peloton","35":"tag-radio-peloton","36":"tag-radio-tour","37":"tag-ravitaillement","38":"tag-relance","39":"tag-sports","40":"tag-uci","41":"tag-velo","42":"tag-velos"},"share_on_mastodon":{"url":"https:\/\/pubeurope.com\/@fr\/115473690377483559","error":""},"_links":{"self":[{"href":"https:\/\/www.europesays.com\/fr\/wp-json\/wp\/v2\/posts\/504211","targetHints":{"allow":["GET"]}}],"collection":[{"href":"https:\/\/www.europesays.com\/fr\/wp-json\/wp\/v2\/posts"}],"about":[{"href":"https:\/\/www.europesays.com\/fr\/wp-json\/wp\/v2\/types\/post"}],"author":[{"embeddable":true,"href":"https:\/\/www.europesays.com\/fr\/wp-json\/wp\/v2\/users\/2"}],"replies":[{"embeddable":true,"href":"https:\/\/www.europesays.com\/fr\/wp-json\/wp\/v2\/comments?post=504211"}],"version-history":[{"count":0,"href":"https:\/\/www.europesays.com\/fr\/wp-json\/wp\/v2\/posts\/504211\/revisions"}],"wp:featuredmedia":[{"embeddable":true,"href":"https:\/\/www.europesays.com\/fr\/wp-json\/wp\/v2\/media\/504212"}],"wp:attachment":[{"href":"https:\/\/www.europesays.com\/fr\/wp-json\/wp\/v2\/media?parent=504211"}],"wp:term":[{"taxonomy":"category","embeddable":true,"href":"https:\/\/www.europesays.com\/fr\/wp-json\/wp\/v2\/categories?post=504211"},{"taxonomy":"post_tag","embeddable":true,"href":"https:\/\/www.europesays.com\/fr\/wp-json\/wp\/v2\/tags?post=504211"}],"curies":[{"name":"wp","href":"https:\/\/api.w.org\/{rel}","templated":true}]}}