{"id":504217,"date":"2025-11-01T09:19:12","date_gmt":"2025-11-01T09:19:12","guid":{"rendered":"https:\/\/www.europesays.com\/fr\/504217\/"},"modified":"2025-11-01T09:19:12","modified_gmt":"2025-11-01T09:19:12","slug":"sorti-de-prison-david-redecouvre-la-paix-et-peint-lun-de-ses-plus-beaux-portraits","status":"publish","type":"post","link":"https:\/\/www.europesays.com\/fr\/504217\/","title":{"rendered":"sorti de prison, David red\u00e9couvre la paix et peint l\u2019un de ses plus beaux portraits"},"content":{"rendered":"<p data-module=\"standfirst\" data-context=\"@media (min-width:48em)\">\n    <strong>R\u00c9CIT<\/strong> &#8211; Apr\u00e8s un premier s\u00e9jour dans les ge\u00f4les de la Convention thermidorienne, David trouve refuge chez sa belle-s\u0153ur. Il y r\u00e9alise un portrait empreint d\u2019une \u00e9motion inattendue chez lui.<\/p>\n<p class=\"fig-paragraph fig-paragraph--dropped\">Cet article est issu du\u00a0<a href=\"https:\/\/boutique.lefigaro.fr\/produit\/141029-david-un-monde-nouveau\" target=\"_blank\" rel=\"noopener\" data-gtm-custom-categorie=\"navigation\" data-gtm-custom-action=\"crossclick\" data-gtm-custom-label=\"Contextuel\" data-gtm-event=\"customEventSPE\">Figaro Hors-S\u00e9rie\u00a0\u00ab David, un monde nouveau\u00a0\u00bb<\/a> \u00a0, publi\u00e9 \u00e0 l\u2019occasion de la magistrale exposition \u00ab David\u00a0\u00bb au mus\u00e9e du Louvre. D\u00e9couvrez la vie et l\u2019\u0153uvre du peintre de la R\u00e9volution et de l\u2019Empire, dans les tourmentes de l\u2019Histoire.<\/p>\n<p>    \u00abDavid, un monde nouveau\u00bb.<br \/>\n                Le Figaro hors-s\u00e9rie<\/p>\n<p class=\"fig-paragraph fig-paragraph--dropped\"><a href=\"http:\/\/www.lefigaro.fr\/histoire\/8-juin-1794-la-fete-transcendante-de-robespierre-20251024\" data-fig-type=\"Article\" data-gtm-custom-categorie=\"navigation\" data-gtm-custom-action=\"crossclick\" data-gtm-custom-label=\"Contextuel\" data-gtm-event=\"customEventSPE\" data-fig-domain=\"LEFIGARO\" target=\"_blank\" rel=\"noopener\">L\u2019ann\u00e9e 1794<\/a>\u00a0fut pour David un tourment sans pr\u00e9c\u00e9dent. Sur le plan personnel, il doit faire face au\u00a0divorce avec Charlotte, dix-sept ans plus jeune que lui, apr\u00e8s une d\u00e9cennie de\u00a0mariage et quatre enfants. Sur le plan politique, en tant que proche de\u00a0<a href=\"http:\/\/www.lefigaro.fr\/histoire\/si-tu-bois-la-cigue-robespierre-je-la-boirai-avec-toi-comment-le-peintre-jacques-louis-david-est-devenu-un-revolutionnaire-convaincu-20251025\" data-fig-type=\"Article\" data-gtm-custom-categorie=\"navigation\" data-gtm-custom-action=\"crossclick\" data-gtm-custom-label=\"Contextuel\" data-gtm-event=\"customEventSPE\" data-fig-domain=\"LEFIGARO\" target=\"_blank\" rel=\"noopener\">Robespierre<\/a>, il est mis en prison le 2\u00a0ao\u00fbt 1794, \u00e0\u00a0la suite de\u00a0<a href=\"https:\/\/www.lefigaro.fr\/livres\/la-chute-de-robespierre-de-colin-jones-le-jour-ou-l-incorruptible-tomba-20240328\" data-fig-type=\"Article\" data-gtm-custom-categorie=\"navigation\" data-gtm-custom-action=\"crossclick\" data-gtm-custom-label=\"Contextuel\" data-gtm-event=\"customEventSPE\" data-fig-domain=\"LEFIGARO\" target=\"_blank\" rel=\"noopener\">la chute de \u00ab\u00a0l\u2019Incorruptible\u00a0\u00bb<\/a>. Son talent, pourtant, lui sauve la vie\u00a0: ses \u00e9l\u00e8ves se mobilisent et finissent par obtenir sa lib\u00e9ration le 28\u00a0d\u00e9cembre. Mais les soup\u00e7ons et les accusations perdurent. En 1795, diminu\u00e9 par la maladie, puis \u00e0 nouveau emprisonn\u00e9, il obtient toutefois de se retirer dans la propri\u00e9t\u00e9 de son beau-fr\u00e8re, l\u2019avocat Pierre S\u00e9riziat, et de son \u00e9pouse, \u00c9milie P\u00e9coul, au lieu-dit Saint-Ouen\u2026<\/p>\n<p class=\"fig-premium-paywall__infos\">\n        Cet article est r\u00e9serv\u00e9 aux abonn\u00e9s.        Il vous reste 78% \u00e0 d\u00e9couvrir.\n    <\/p>\n<p>                <img  data- alt=\"Le Figaro\" class=\"fig-img--complete fig-img\"\/><\/p>\n<p class=\"fig-premium-paywall__title\">Vous avez envie de lire la suite ?<\/p>\n<p class=\"fig-premium-paywall__subtitle\">D\u00e9bloquez tous les articles imm\u00e9diatement.<\/p>\n<p class=\"fig-premium-paywall__connect\">\n                D\u00e9j\u00e0 abonn\u00e9\u00a0?                <a class=\"fig-premium-paywall__connect-link\" href=\"https:\/\/connect.lefigaro.fr\/login?client=horizon_web&amp;type=main&amp;redirect_uri=https%3A%2F%2Fwww.lefigaro.fr%2Fhistoire%2F1795-sorti-de-prison-david-redecouvre-la-paix-et-peint-l-un-de-ses-plus-beaux-portraits-20251101\" data-js-gtm=\"{&quot;customCategorie&quot;: &quot;conversion&quot;, &quot;customAction&quot;: &quot;before_Landing_Connexion_paywall_auto&quot;, &quot;customLabel&quot;: &quot;bGVmaWdhcm8uZnJfXzFmMGIzMWQwLTUzNzEtNjQ4OC1iZTBmLWJkMzY5ZDdkMThiNF9fQXJ0aWNsZQ==_1795\u00a0: sorti de prison, David red\u00e9couvre la paix et peint l\u2019un de ses plus beaux portraits_733&quot;, &quot;customIDSPE&quot;: &quot;bGVmaWdhcm8uZnJfXzFmMGIzMWQwLTUzNzEtNjQ4OC1iZTBmLWJkMzY5ZDdkMThiNF9fQXJ0aWNsZQ==&quot;, &quot;event&quot;: &quot;customEventSPE&quot;}\" target=\"_blank\" rel=\"noopener\"><br \/>\n                    Connectez-vous<br \/>\n                <\/a>\n            <\/p>\n","protected":false},"excerpt":{"rendered":"R\u00c9CIT &#8211; Apr\u00e8s un premier s\u00e9jour dans les ge\u00f4les de la Convention thermidorienne, David trouve refuge chez sa&hellip;\n","protected":false},"author":2,"featured_media":504218,"comment_status":"","ping_status":"","sticky":false,"template":"","format":"standard","meta":{"footnotes":""},"categories":[1358],"tags":[1348,1384,1385,1386,58,59,1011,27,1585,62232],"class_list":{"0":"post-504217","1":"post","2":"type-post","3":"status-publish","4":"format-standard","5":"has-post-thumbnail","7":"category-arts-et-design","8":"tag-arts","9":"tag-arts-and-design","10":"tag-arts-et-design","11":"tag-design","12":"tag-divertissement","13":"tag-entertainment","14":"tag-fr","15":"tag-france","16":"tag-peinture","17":"tag-revolution-francaise"},"share_on_mastodon":{"url":"https:\/\/pubeurope.com\/@fr\/115473702179026907","error":""},"_links":{"self":[{"href":"https:\/\/www.europesays.com\/fr\/wp-json\/wp\/v2\/posts\/504217","targetHints":{"allow":["GET"]}}],"collection":[{"href":"https:\/\/www.europesays.com\/fr\/wp-json\/wp\/v2\/posts"}],"about":[{"href":"https:\/\/www.europesays.com\/fr\/wp-json\/wp\/v2\/types\/post"}],"author":[{"embeddable":true,"href":"https:\/\/www.europesays.com\/fr\/wp-json\/wp\/v2\/users\/2"}],"replies":[{"embeddable":true,"href":"https:\/\/www.europesays.com\/fr\/wp-json\/wp\/v2\/comments?post=504217"}],"version-history":[{"count":0,"href":"https:\/\/www.europesays.com\/fr\/wp-json\/wp\/v2\/posts\/504217\/revisions"}],"wp:featuredmedia":[{"embeddable":true,"href":"https:\/\/www.europesays.com\/fr\/wp-json\/wp\/v2\/media\/504218"}],"wp:attachment":[{"href":"https:\/\/www.europesays.com\/fr\/wp-json\/wp\/v2\/media?parent=504217"}],"wp:term":[{"taxonomy":"category","embeddable":true,"href":"https:\/\/www.europesays.com\/fr\/wp-json\/wp\/v2\/categories?post=504217"},{"taxonomy":"post_tag","embeddable":true,"href":"https:\/\/www.europesays.com\/fr\/wp-json\/wp\/v2\/tags?post=504217"}],"curies":[{"name":"wp","href":"https:\/\/api.w.org\/{rel}","templated":true}]}}