{"id":504219,"date":"2025-11-01T09:21:19","date_gmt":"2025-11-01T09:21:19","guid":{"rendered":"https:\/\/www.europesays.com\/fr\/504219\/"},"modified":"2025-11-01T09:21:19","modified_gmt":"2025-11-01T09:21:19","slug":"audiences-avant-20h-c-a-vous-sur-france-5-et-la-meilleure-cuisine-regionale-sur-m6-quasiment-a-egalite-a-11-million-de-telespectateurs-hier-soir","status":"publish","type":"post","link":"https:\/\/www.europesays.com\/fr\/504219\/","title":{"rendered":"Audiences Avant 20h : \u00ab\u00a0C \u00e0 vous\u00a0\u00bb sur France 5 et \u00ab\u00a0La meilleure cuisine r\u00e9gionale\u00a0\u00bb sur M6 quasiment \u00e0 \u00e9galit\u00e9 \u00e0 1,1 million de t\u00e9l\u00e9spectateurs hier soir"},"content":{"rendered":"<p>TF1 proposait hier soir un nouvel \u00e9pisode de \u00ab\u00a0Demain nous appartient\u00a0\u00bb. En face, \u00ab\u00a0N&rsquo;oubliez pas les paroles\u00a0\u00bb , pr\u00e9sent\u00e9 par Nagui, \u00e9tait diffus\u00e9 sur France 2.<\/p>\n<p>Sur France 3, les t\u00e9l\u00e9spectateurs pouvaient retrouver \u00ab\u00a0ICI 19\/20\u00a0\u00bb. Quant \u00e0 M6, \u00ab\u00a0La meilleure cuisine r\u00e9gionale, c\u2019est chez moi\u00a0\u00bb \u00e9tait diffus\u00e9.\u00a0<\/p>\n<p>Sur France 5,\u00a0Mohamed Bouhafsi, entour\u00e9 de son \u00e9quipe, proposait un num\u00e9ro de \u00ab\u00a0C \u00e0 vous\u00a0\u00bb. Cette saison, le journaliste est aux commandes du programme le vendredi et le samedi. Anne-Elisabeth Lemoine anime l&rsquo;\u00e9mission du lundi au jeudi.\u00a0<\/p>\n<p>En face, c&rsquo;est Yann Barth\u00e8s et son \u00e9quipe qui occupaient l&rsquo;access de TMC pour une nouvelle saison de \u00ab\u00a0Quotidien\u00a0\u00bb. Chaque soir, Yann Barth\u00e8s \u00e9voque l\u2019actualit\u00e9 du jour avec ses journalistes, des invit\u00e9s et des reportages pour \u00e9clairer le monde qui nous entoure.<\/p>\n<p>A 18H45 chaque jour, Cyril Hanouna donne rendez-vous \u00e0 ses \u00ab\u00a0fanzouzes\u00a0\u00bb pour son \u00e9mission \u00ab\u00a0Tout beau tout 9\u00a0\u00bb sur W9. L&rsquo;animateur est accompagn\u00e9 de chroniqueurs sur son plateau.\u00a0<\/p>\n<p>        N&rsquo;oubliez pas les paroles<br \/>\n        16.9 % de PDA\n        <\/p>\n<p>        2 526 000<\/p>\n<p>        ICI 19\/20<br \/>\n        14.6 % de PDA\n        <\/p>\n<p>        2 216 000<\/p>\n<p>        Demain nous appartient<br \/>\n        13.9 % de PDA\n        <\/p>\n<p>        2 115 000<\/p>\n<p>        Tout beau tout 9, week-end &#8211; 1\u00e8re partie<br \/>\n        6.4 % de PDA\n        <\/p>\n<p>        1 129 000<\/p>\n<p>        La meilleure cuisine r\u00e9gionale, c\u2019est chez moi<br \/>\n        6.4 % de PDA\n        <\/p>\n<p>        1 128 000<\/p>\n<p>        C \u00e0 vous<br \/>\n        7.5 % de PDA\n        <\/p>\n<p>        1 105 000<\/p>\n<p>        Quotidien &#8211; 1\u00e8re partie (best of)<br \/>\n        2.4 % de PDA\n        <\/p>\n<p>        427 000<\/p>\n<p>        La quotidienne de la Star Academy<br \/>\n        1 % de PDA\n        <\/p>\n<p>        159 000<\/p>\n<p>  Le Top des parts de march\u00e9<\/p>\n","protected":false},"excerpt":{"rendered":"TF1 proposait hier soir un nouvel \u00e9pisode de \u00ab\u00a0Demain nous appartient\u00a0\u00bb. En face, \u00ab\u00a0N&rsquo;oubliez pas les paroles\u00a0\u00bb ,&hellip;\n","protected":false},"author":2,"featured_media":504220,"comment_status":"","ping_status":"","sticky":false,"template":"","format":"standard","meta":{"footnotes":""},"categories":[1356],"tags":[2367,58,59,1011,27,876,4467,594,494,252,199,1364],"class_list":{"0":"post-504219","1":"post","2":"type-post","3":"status-publish","4":"format-standard","5":"has-post-thumbnail","7":"category-television","8":"tag-audiences","9":"tag-divertissement","10":"tag-entertainment","11":"tag-fr","12":"tag-france","13":"tag-france-3","14":"tag-france-5","15":"tag-france-2","16":"tag-m6","17":"tag-television","18":"tag-tf1","19":"tag-tv"},"share_on_mastodon":{"url":"https:\/\/pubeurope.com\/@fr\/115473710083721204","error":""},"_links":{"self":[{"href":"https:\/\/www.europesays.com\/fr\/wp-json\/wp\/v2\/posts\/504219","targetHints":{"allow":["GET"]}}],"collection":[{"href":"https:\/\/www.europesays.com\/fr\/wp-json\/wp\/v2\/posts"}],"about":[{"href":"https:\/\/www.europesays.com\/fr\/wp-json\/wp\/v2\/types\/post"}],"author":[{"embeddable":true,"href":"https:\/\/www.europesays.com\/fr\/wp-json\/wp\/v2\/users\/2"}],"replies":[{"embeddable":true,"href":"https:\/\/www.europesays.com\/fr\/wp-json\/wp\/v2\/comments?post=504219"}],"version-history":[{"count":0,"href":"https:\/\/www.europesays.com\/fr\/wp-json\/wp\/v2\/posts\/504219\/revisions"}],"wp:featuredmedia":[{"embeddable":true,"href":"https:\/\/www.europesays.com\/fr\/wp-json\/wp\/v2\/media\/504220"}],"wp:attachment":[{"href":"https:\/\/www.europesays.com\/fr\/wp-json\/wp\/v2\/media?parent=504219"}],"wp:term":[{"taxonomy":"category","embeddable":true,"href":"https:\/\/www.europesays.com\/fr\/wp-json\/wp\/v2\/categories?post=504219"},{"taxonomy":"post_tag","embeddable":true,"href":"https:\/\/www.europesays.com\/fr\/wp-json\/wp\/v2\/tags?post=504219"}],"curies":[{"name":"wp","href":"https:\/\/api.w.org\/{rel}","templated":true}]}}