{"id":504245,"date":"2025-11-01T09:34:41","date_gmt":"2025-11-01T09:34:41","guid":{"rendered":"https:\/\/www.europesays.com\/fr\/504245\/"},"modified":"2025-11-01T09:34:41","modified_gmt":"2025-11-01T09:34:41","slug":"roulant-a-contresens-une-conductrice-de-79-ans-percute-un-autre-vehicule-et-meurt","status":"publish","type":"post","link":"https:\/\/www.europesays.com\/fr\/504245\/","title":{"rendered":"roulant \u00e0 contresens, une conductrice de 79 ans percute un autre v\u00e9hicule et meurt"},"content":{"rendered":"<p>            Par<br \/>\n        <strong><br \/>\n            <a href=\"https:\/\/actu.fr\/auteur\/pierre-emile-bouchy-actu-fr\" title=\"Consulter tous les articles de Paul-Emile Bouchy\" target=\"_blank\" rel=\"noopener\">Paul-Emile Bouchy<\/a><br \/>\n        <\/strong><\/p>\n<p>        Publi\u00e9 le<\/p>\n<p>            31 oct. 2025 \u00e0 9h44        <\/p>\n<p>Apr\u00e8s le d\u00e9c\u00e8s d\u2019un <a href=\"https:\/\/actu.fr\/grand-est\/attigneville_88015\/lorraine-un-automobiliste-meurt-apres-avoir-percute-un-tracteur-avec-son-4x4_63312830.html\" target=\"_blank\" rel=\"noopener\">conducteur percut\u00e9 par un tracteur<\/a>, d\u2019<a href=\"https:\/\/actu.fr\/grand-est\/bruyeres_88078\/lorraine-un-automobiliste-de-18-ans-meurt-apres-avoir-percute-une-paroi-rocheuse_63291136.html\" target=\"_blank\" rel=\"noopener\">un jeune automobiliste de 18\u00a0ans<\/a> ou encore d\u2019<a href=\"https:\/\/actu.fr\/grand-est\/padoux_88340\/lorraine-un-passager-de-17-ans-meurt-dans-un-accident-de-voiture-le-conducteur-place-en-garde-a-vue_63281031.html\" target=\"_blank\" rel=\"noopener\">un passager de 17\u00a0ans<\/a>, un nouvel <a href=\"https:\/\/actu.fr\/tag\/accident\" target=\"_blank\" rel=\"noopener\">accident<\/a> mortel a eu lieu dans les <strong>Vosges<\/strong> jeudi. Peu apr\u00e8s 14h30, <strong>deux v\u00e9hicules se sont percut\u00e9s sur la RN 57<\/strong> dans le sens \u00c9pinal-Nancy, au niveau de Charmes.<\/p>\n<p class=\" wall-content\"><strong>Roulant \u00e0 contresens<\/strong> sur cette voie rapide, <strong>une conductrice de 79\u00a0ans a percut\u00e9 une autre voiture et est d\u00e9c\u00e9d\u00e9e<\/strong> sur place.<\/p>\n<p>L\u2019autre conducteur h\u00e9liport\u00e9 vers Nancy<\/p>\n<p class=\" wall-content\">D\u2019apr\u00e8s la <a href=\"https:\/\/actu.fr\/tag\/gendarmerie\" target=\"_blank\" rel=\"noopener\">gendarmerie<\/a>,<strong> le conducteur du v\u00e9hicule percut\u00e9 est \u00ab\u2009polytraumatis\u00e9\u2009\u00bb<\/strong>. \u00c2g\u00e9 de 45\u00a0ans, il a \u00e9t\u00e9 pris en charge par les secours et <strong>h\u00e9liport\u00e9 vers le CHRU de Nancy<\/strong>.<\/p>\n<p class=\" wall-content\">Des d\u00e9pistages d\u2019alcool et de stup\u00e9fiants, dont les r\u00e9sultats ne sont pas encore connus, ont \u00e9t\u00e9 effectu\u00e9s sur les deux victimes.<\/p>\n<p class=\" wall-content\"><strong>Une enqu\u00eate est en cours<\/strong> pour conna\u00eetre pr\u00e9cis\u00e9ment les circonstances de l\u2019accident.<\/p>\n<p class=\" wall-content\">Personnalisez votre actualit\u00e9 en ajoutant vos villes et m\u00e9dias en favori avec <a href=\"https:\/\/moncompte.actu.fr\" title=\"D\u00e9couvez Mon Actu\" rel=\"nofollow noopener\" data-trk=\"{&quot;cta&quot;:{&quot;action&quot;:&quot;https:\\\/\\\/moncompte.actu.fr&quot;,&quot;category&quot;:&quot;mon compte&quot;,&quot;from&quot;:&quot;article footer&quot;,&quot;name&quot;:&quot;Mon actu&quot;,&quot;type&quot;:&quot;cta&quot;}}\" target=\"_blank\">Mon Actu<\/a>.<\/p>\n","protected":false},"excerpt":{"rendered":"Par Paul-Emile Bouchy Publi\u00e9 le 31 oct. 2025 \u00e0 9h44 Apr\u00e8s le d\u00e9c\u00e8s d\u2019un conducteur percut\u00e9 par un&hellip;\n","protected":false},"author":2,"featured_media":504246,"comment_status":"","ping_status":"","sticky":false,"template":"","format":"standard","meta":{"footnotes":""},"categories":[9635],"tags":[119,1111,11,1777,674,118,1011,27,3381,775,1702,12,1311,25],"class_list":{"0":"post-504245","1":"post","2":"type-post","3":"status-publish","4":"format-standard","5":"has-post-thumbnail","7":"category-nancy","8":"tag-accident","9":"tag-actu","10":"tag-actualites","11":"tag-eu","12":"tag-europe","13":"tag-faits-divers","14":"tag-fr","15":"tag-france","16":"tag-gendarmerie","17":"tag-grand-est","18":"tag-nancy","19":"tag-news","20":"tag-pompiers","21":"tag-republique-francaise"},"share_on_mastodon":{"url":"https:\/\/pubeurope.com\/@fr\/115473761251851075","error":""},"_links":{"self":[{"href":"https:\/\/www.europesays.com\/fr\/wp-json\/wp\/v2\/posts\/504245","targetHints":{"allow":["GET"]}}],"collection":[{"href":"https:\/\/www.europesays.com\/fr\/wp-json\/wp\/v2\/posts"}],"about":[{"href":"https:\/\/www.europesays.com\/fr\/wp-json\/wp\/v2\/types\/post"}],"author":[{"embeddable":true,"href":"https:\/\/www.europesays.com\/fr\/wp-json\/wp\/v2\/users\/2"}],"replies":[{"embeddable":true,"href":"https:\/\/www.europesays.com\/fr\/wp-json\/wp\/v2\/comments?post=504245"}],"version-history":[{"count":0,"href":"https:\/\/www.europesays.com\/fr\/wp-json\/wp\/v2\/posts\/504245\/revisions"}],"wp:featuredmedia":[{"embeddable":true,"href":"https:\/\/www.europesays.com\/fr\/wp-json\/wp\/v2\/media\/504246"}],"wp:attachment":[{"href":"https:\/\/www.europesays.com\/fr\/wp-json\/wp\/v2\/media?parent=504245"}],"wp:term":[{"taxonomy":"category","embeddable":true,"href":"https:\/\/www.europesays.com\/fr\/wp-json\/wp\/v2\/categories?post=504245"},{"taxonomy":"post_tag","embeddable":true,"href":"https:\/\/www.europesays.com\/fr\/wp-json\/wp\/v2\/tags?post=504245"}],"curies":[{"name":"wp","href":"https:\/\/api.w.org\/{rel}","templated":true}]}}