{"id":504247,"date":"2025-11-01T09:35:16","date_gmt":"2025-11-01T09:35:16","guid":{"rendered":"https:\/\/www.europesays.com\/fr\/504247\/"},"modified":"2025-11-01T09:35:16","modified_gmt":"2025-11-01T09:35:16","slug":"en-direct-suivez-le-match-strasbourg","status":"publish","type":"post","link":"https:\/\/www.europesays.com\/fr\/504247\/","title":{"rendered":"En direct. Suivez le match Strasbourg"},"content":{"rendered":"<p>Bonjour !<\/p>\n<p>Ce samedi (\u00e0 partir de 18h10), le SLUC d\u00e9fie Strasbourg sur le parquet du Rh\u00e9nus. Une mission p\u00e9rilleuse pour l&rsquo;\u00e9quipe de Sylvain Lauti\u00e9, qui va devoir corriger les carences d\u00e9fensives qui lui ont co\u00fbt\u00e9 cher, samedi derni\u00e8re \u00e0 Dunkerque (107-79).<\/p>\n<p>Pour la derni\u00e8re apparition de l&rsquo;Allemand Martin Breunig sous le maillot nanc\u00e9ien, les couguars ont int\u00e9r\u00eat \u00e0 serrer la vis s&rsquo;ils veulent bousculer une formation alsacienne qui compte une victoire de plus au classement (3v &#8211; 2d).\u00a0<\/p>\n","protected":false},"excerpt":{"rendered":"Bonjour ! Ce samedi (\u00e0 partir de 18h10), le SLUC d\u00e9fie Strasbourg sur le parquet du Rh\u00e9nus. Une&hellip;\n","protected":false},"author":2,"featured_media":504248,"comment_status":"","ping_status":"","sticky":false,"template":"","format":"standard","meta":{"footnotes":""},"categories":[9635],"tags":[1111,11,1791,3545,1707,1706,1705,1777,674,1701,1795,1011,27,775,3457,1702,12,25,11567,517,1700],"class_list":{"0":"post-504247","1":"post","2":"type-post","3":"status-publish","4":"format-standard","5":"has-post-thumbnail","7":"category-nancy","8":"tag-actu","9":"tag-actualites","10":"tag-basket-ball","11":"tag-direct-sport","12":"tag-edition-luneville","13":"tag-edition-pont-a-mousson","14":"tag-edition-toul","15":"tag-eu","16":"tag-europe","17":"tag-fil-info-sport","18":"tag-fil-web","19":"tag-fr","20":"tag-france","21":"tag-grand-est","22":"tag-meurthe-et-moselle","23":"tag-nancy","24":"tag-news","25":"tag-republique-francaise","26":"tag-sluc","27":"tag-sport","28":"tag-sport-lorrain"},"share_on_mastodon":{"url":"https:\/\/pubeurope.com\/@fr\/115473765236448113","error":""},"_links":{"self":[{"href":"https:\/\/www.europesays.com\/fr\/wp-json\/wp\/v2\/posts\/504247","targetHints":{"allow":["GET"]}}],"collection":[{"href":"https:\/\/www.europesays.com\/fr\/wp-json\/wp\/v2\/posts"}],"about":[{"href":"https:\/\/www.europesays.com\/fr\/wp-json\/wp\/v2\/types\/post"}],"author":[{"embeddable":true,"href":"https:\/\/www.europesays.com\/fr\/wp-json\/wp\/v2\/users\/2"}],"replies":[{"embeddable":true,"href":"https:\/\/www.europesays.com\/fr\/wp-json\/wp\/v2\/comments?post=504247"}],"version-history":[{"count":0,"href":"https:\/\/www.europesays.com\/fr\/wp-json\/wp\/v2\/posts\/504247\/revisions"}],"wp:featuredmedia":[{"embeddable":true,"href":"https:\/\/www.europesays.com\/fr\/wp-json\/wp\/v2\/media\/504248"}],"wp:attachment":[{"href":"https:\/\/www.europesays.com\/fr\/wp-json\/wp\/v2\/media?parent=504247"}],"wp:term":[{"taxonomy":"category","embeddable":true,"href":"https:\/\/www.europesays.com\/fr\/wp-json\/wp\/v2\/categories?post=504247"},{"taxonomy":"post_tag","embeddable":true,"href":"https:\/\/www.europesays.com\/fr\/wp-json\/wp\/v2\/tags?post=504247"}],"curies":[{"name":"wp","href":"https:\/\/api.w.org\/{rel}","templated":true}]}}