{"id":504270,"date":"2025-11-01T09:51:15","date_gmt":"2025-11-01T09:51:15","guid":{"rendered":"https:\/\/www.europesays.com\/fr\/504270\/"},"modified":"2025-11-01T09:51:15","modified_gmt":"2025-11-01T09:51:15","slug":"des-voitures-et-des-bouteilles-de-gaz-dans-le-garage-embrase-au-sud-de-nantes","status":"publish","type":"post","link":"https:\/\/www.europesays.com\/fr\/504270\/","title":{"rendered":"Des voitures et des bouteilles de gaz dans le garage embras\u00e9, au sud de Nantes"},"content":{"rendered":"<p>\u00c0 l\u2019arriv\u00e9e des nombreux pompiers mobilis\u00e9s sur les lieux du sinistre, le garage \u00e9tait \u00a0enti\u00e8rement embras\u00e9.\u00a0<\/p>\n<p>C\u2019\u00e9tait rue du Village Petit, \u00e0 <a href=\"https:\/\/www.ouest-france.fr\/pays-de-la-loire\/la-haie-fouassiere-44690\/\" target=\"_blank\" rel=\"nofollow noopener\">La Haie-Fouassi\u00e8re,<\/a> \u00e0 21h45, vendredi.<\/p>\n<p>Dans le garage en flammes, d\u2019une surface de 120m2, se trouvaient \u00a0cinq voitures et de nombreuses bouteilles de gaz\u00a0, selon le Service d\u00e9partemental d\u2019incendie et de secours de Loire-Atlantique (SDIS 44).<\/p>\n<p>Trois lances et la grande \u00e9chelle<\/p>\n<p>Il a fallu d\u00e9ployer la grande \u00e9chelle et d\u00e9rouler trois lances pour stopper la progression des flammes.<\/p>\n<p>L\u2019incendie n\u2019a fait aucun bless\u00e9. Il a mobilis\u00e9 27\u00a0sapeurs-pompiers. La gendarmerie et l\u2019adjoint au maire se sont \u00e9galement rendus sur place. Les causes du sinistre restent \u00e0 d\u00e9terminer.<\/p>\n<p>\u00a0<\/p>\n","protected":false},"excerpt":{"rendered":"\u00c0 l\u2019arriv\u00e9e des nombreux pompiers mobilis\u00e9s sur les lieux du sinistre, le garage \u00e9tait \u00a0enti\u00e8rement embras\u00e9.\u00a0 C\u2019\u00e9tait rue&hellip;\n","protected":false},"author":2,"featured_media":504271,"comment_status":"","ping_status":"","sticky":false,"template":"","format":"standard","meta":{"footnotes":""},"categories":[2818],"tags":[1111,11,18523,28977,1777,674,1011,27,27351,843,766,12,2636,25,7053,3888],"class_list":{"0":"post-504270","1":"post","2":"type-post","3":"status-publish","4":"format-standard","5":"has-post-thumbnail","7":"category-nantes","8":"tag-actu","9":"tag-actualites","10":"tag-bouteilles","11":"tag-embrase","12":"tag-eu","13":"tag-europe","14":"tag-fr","15":"tag-france","16":"tag-garage","17":"tag-gaz","18":"tag-nantes","19":"tag-news","20":"tag-pays-de-la-loire","21":"tag-republique-francaise","22":"tag-sud","23":"tag-voitures"},"share_on_mastodon":{"url":"https:\/\/pubeurope.com\/@fr\/115473828000037678","error":""},"_links":{"self":[{"href":"https:\/\/www.europesays.com\/fr\/wp-json\/wp\/v2\/posts\/504270","targetHints":{"allow":["GET"]}}],"collection":[{"href":"https:\/\/www.europesays.com\/fr\/wp-json\/wp\/v2\/posts"}],"about":[{"href":"https:\/\/www.europesays.com\/fr\/wp-json\/wp\/v2\/types\/post"}],"author":[{"embeddable":true,"href":"https:\/\/www.europesays.com\/fr\/wp-json\/wp\/v2\/users\/2"}],"replies":[{"embeddable":true,"href":"https:\/\/www.europesays.com\/fr\/wp-json\/wp\/v2\/comments?post=504270"}],"version-history":[{"count":0,"href":"https:\/\/www.europesays.com\/fr\/wp-json\/wp\/v2\/posts\/504270\/revisions"}],"wp:featuredmedia":[{"embeddable":true,"href":"https:\/\/www.europesays.com\/fr\/wp-json\/wp\/v2\/media\/504271"}],"wp:attachment":[{"href":"https:\/\/www.europesays.com\/fr\/wp-json\/wp\/v2\/media?parent=504270"}],"wp:term":[{"taxonomy":"category","embeddable":true,"href":"https:\/\/www.europesays.com\/fr\/wp-json\/wp\/v2\/categories?post=504270"},{"taxonomy":"post_tag","embeddable":true,"href":"https:\/\/www.europesays.com\/fr\/wp-json\/wp\/v2\/tags?post=504270"}],"curies":[{"name":"wp","href":"https:\/\/api.w.org\/{rel}","templated":true}]}}