{"id":504278,"date":"2025-11-01T09:55:13","date_gmt":"2025-11-01T09:55:13","guid":{"rendered":"https:\/\/www.europesays.com\/fr\/504278\/"},"modified":"2025-11-01T09:55:13","modified_gmt":"2025-11-01T09:55:13","slug":"son-avis-sur-cette-institution-de-toulouse","status":"publish","type":"post","link":"https:\/\/www.europesays.com\/fr\/504278\/","title":{"rendered":"son avis sur cette institution de Toulouse"},"content":{"rendered":"<p>            Par<br \/>\n        <strong><br \/>\n            <a href=\"https:\/\/actu.fr\/auteur\/redaction-toulouse\" title=\"Consulter tous les articles de R\u00e9daction de Toulouse\" target=\"_blank\" rel=\"noopener\">R\u00e9daction de Toulouse<\/a><br \/>\n        <\/strong><\/p>\n<p>        Publi\u00e9 le<\/p>\n<p>            1 nov. 2025 \u00e0 10h20        <\/p>\n<p>Il n\u2019est m\u00eame pas encore midi que d\u00e9j\u00e0, les app\u00e9tits sont au garde-\u00e0-vous. Bien align\u00e9s. Une file d\u2019attente d\u00e9mesur\u00e9e s\u2019est form\u00e9e devant<a href=\"https:\/\/actu.fr\/occitanie\/toulouse_31555\/interview-pourquoi-restaurant-lentrecote-autant-succes-toulouse_15869224.html\" target=\"_blank\" rel=\"noopener\"> le restaurant L\u2019Entrec\u00f4te<\/a>, situ\u00e9 sur l\u2019assourdissant boulevard de Strasbourg, \u00e0 <strong>Toulouse<\/strong>. Au milieu de personnages \u00e9l\u00e9gants, endimanch\u00e9s en ce mardi pluvieux, de familles et de touristes, je me suis agripp\u00e9 moi aussi \u00e0 ce long ruban de patience (pas de r\u00e9servation possible), curieux de comprendre ce qui poussait tant de monde \u00e0 attendre. Dix minutes seulement cette fois. Un exploit.<\/p>\n<p>Motifs \u00e9cossais aux murs, nappes jaunes<br \/>\n    <img   decoding=\"async\" loading=\"lazy\" class=\"size-large\" src=\"https:\/\/www.europesays.com\/fr\/wp-content\/uploads\/2025\/11\/26d5e4276ff86ccd5e4276ff8c1e5ev-960x640.jpg\" alt=\"La fameuse sauce secr\u00e8te, pas si secr\u00e8te finalement.\" width=\"960\" height=\"640\"\/><br \/>\n    La fameuse sauce secr\u00e8te, pas si secr\u00e8te finalement. \u00a9L.M.M<\/p>\n<p class=\" wall-content\">\u00c0 l\u2019int\u00e9rieur, rien n\u2019a vraiment boug\u00e9 depuis l\u2019ouverture du restaurant en 1962. De grandes salles qui se suivent, un brouhaha commun, du bois, des briques, des motifs \u00e9cossais au mur et au plafond, des nappes jaunes sur les tables.<\/p>\n<p class=\" wall-content\">Et au milieu,<strong> le ballet des serveuses en uniforme<\/strong>, et la valse des assiettes. Tout est appliqu\u00e9, attentif sans \u00eatre pressant (c\u2019\u00e9tait visiblement davantage le cas il y a quelques ann\u00e9es\u2026). Sur la carte, toujours la m\u00eame formule unique.<strong> 23 euros<\/strong> (l\u2019inflation est pass\u00e9e par-l\u00e0) et pas de choix possible.<\/p>\n<p>Beurre sur la ville<\/p>\n<p class=\" wall-content\">Arrive d\u2019abord la salade aux noix. Une entr\u00e9e bien \u00e9lev\u00e9e, qui vous salue plus par politesse qu\u2019autre chose.<\/p>\n<p class=\" wall-content\">Vient ensuite le plat qui a fait la r\u00e9putation du lieu : ce faux-filet par\u00e9, finement tranch\u00e9, tr\u00e8s tendre en bouche, <strong>napp\u00e9 de la fameuse sauce dont le secret est aussi bien gard\u00e9 que le Louvre<\/strong>. La recette se trouve aujourd\u2019hui facilement en deux-trois clics. Elle m\u00e9lange foie de volaille, thym, moutarde, sel, poivre. Et beurre. Beaucoup (trop) de beurre. Ce qui la rend aussi d\u00e9sirable que d\u00e9testable.<\/p>\n<p>Votre r\u00e9gion, votre actu !<\/p>\n<p>Recevez chaque jour les infos qui comptent pour vous.<\/p>\n<p>\t<a href=\"https:\/\/actu.fr\/newsletter\" class=\"ac-btn ac-btn--corner ac-btn--medium ac-btn--blue800\" target=\"_blank\" rel=\"noopener\">S&rsquo;incrire<\/a><br \/>\nJojo Fantaisie<br \/>\n    <img   decoding=\"async\" loading=\"lazy\" class=\"size-large\" src=\"https:\/\/www.europesays.com\/fr\/wp-content\/uploads\/2025\/11\/8cd037576ff86b1e037576ff8b6e03v-960x640.jpg\" alt=\"Les profiteroles sont litt\u00e9ralement GARGANTUESQUES !\" width=\"960\" height=\"640\"\/><br \/>\n    Les profiteroles sont litt\u00e9ralement GARGANTUESQUES ! \u00a9L.M.M.<\/p>\n<p class=\" wall-content\">En accompagnement, les frites \u00e0 volont\u00e9, fa\u00e7on pommes allumettes l\u00e9g\u00e8rement croustillantes, sont servies par vagues. Et chacun peut s\u2019en faire un plein ventre. \u00c0 discr\u00e9tion.<\/p>\n<p class=\" wall-content\">Comme ma voisine de la table d\u2019\u00e0-c\u00f4t\u00e9 : <strong>Josiane, 73 ans de fantaisie et de frites<\/strong> (elle en aura repris deux fois). Au fil de la conversation (qu\u2019elle aura engag\u00e9e), j\u2019apprends qu\u2019elle vient ici depuis 1966, \u00ab\u00a0pour la viande surtout\u00a0\u00bb, et que la sauce \u00ab\u00a0n\u2019a pas chang\u00e9\u00a0\u00bb. Je la crois volontiers.<\/p>\n<p class=\" wall-content\">Le go\u00fbt du beurre est \u00e9ternel. La conversation se poursuivra autour d\u2019un des desserts \u00e0 la carte (moyennant 8 euros) : des profiteroles hautes comme l\u2019Everest, gravies \u00e0 l\u2019aide de deux cuill\u00e8res. La sienne, et la mienne. Et j\u2019ai compris alors pourquoi tant de monde se pressait pour manger \u00e0 L\u2019Entrec\u00f4te. Non pas pour \u00eatre surpris. <strong>Mais pour \u00eatre rassur\u00e9 et rassasi\u00e9<\/strong>. Certain d\u2019y (re)trouver ce que l\u2019on vient chercher.<\/p>\n<p>15 Boulevard de Strasbourg.<\/p>\n<p class=\" wall-content\"><strong>LE MANGEUR MASQUE<\/strong><\/p>\n<p>Suivez le\u00a0 sur Insta\u00a0 : <a href=\"https:\/\/www.instagram.com\/le_mangeur_masque\/\" target=\"_blank\" rel=\"noopener\">@lemangeur_masque<\/a><\/p>\n<p class=\" wall-content\">Personnalisez votre actualit\u00e9 en ajoutant vos villes et m\u00e9dias en favori avec <a href=\"https:\/\/moncompte.actu.fr\" title=\"D\u00e9couvez Mon Actu\" rel=\"nofollow noopener\" data-trk=\"{&quot;cta&quot;:{&quot;action&quot;:&quot;https:\\\/\\\/moncompte.actu.fr&quot;,&quot;category&quot;:&quot;mon compte&quot;,&quot;from&quot;:&quot;article footer&quot;,&quot;name&quot;:&quot;Mon actu&quot;,&quot;type&quot;:&quot;cta&quot;}}\" target=\"_blank\">Mon Actu<\/a>.<\/p>\n<p>                    <script async src=\"\/\/www.instagram.com\/embed.js\"><\/script><\/p>\n","protected":false},"excerpt":{"rendered":"Par R\u00e9daction de Toulouse Publi\u00e9 le 1 nov. 2025 \u00e0 10h20 Il n\u2019est m\u00eame pas encore midi que&hellip;\n","protected":false},"author":2,"featured_media":504279,"comment_status":"","ping_status":"","sticky":false,"template":"","format":"standard","meta":{"footnotes":""},"categories":[2816],"tags":[1111,11,1777,674,1011,27,1652,12,2680,25,2850,1341,2312],"class_list":{"0":"post-504278","1":"post","2":"type-post","3":"status-publish","4":"format-standard","5":"has-post-thumbnail","7":"category-toulouse","8":"tag-actu","9":"tag-actualites","10":"tag-eu","11":"tag-europe","12":"tag-fr","13":"tag-france","14":"tag-loisirs-culture","15":"tag-news","16":"tag-occitanie","17":"tag-republique-francaise","18":"tag-restaurants-de-toulouse","19":"tag-sortir-a-toulouse","20":"tag-toulouse"},"share_on_mastodon":{"url":"https:\/\/pubeurope.com\/@fr\/115473844483826965","error":""},"_links":{"self":[{"href":"https:\/\/www.europesays.com\/fr\/wp-json\/wp\/v2\/posts\/504278","targetHints":{"allow":["GET"]}}],"collection":[{"href":"https:\/\/www.europesays.com\/fr\/wp-json\/wp\/v2\/posts"}],"about":[{"href":"https:\/\/www.europesays.com\/fr\/wp-json\/wp\/v2\/types\/post"}],"author":[{"embeddable":true,"href":"https:\/\/www.europesays.com\/fr\/wp-json\/wp\/v2\/users\/2"}],"replies":[{"embeddable":true,"href":"https:\/\/www.europesays.com\/fr\/wp-json\/wp\/v2\/comments?post=504278"}],"version-history":[{"count":0,"href":"https:\/\/www.europesays.com\/fr\/wp-json\/wp\/v2\/posts\/504278\/revisions"}],"wp:featuredmedia":[{"embeddable":true,"href":"https:\/\/www.europesays.com\/fr\/wp-json\/wp\/v2\/media\/504279"}],"wp:attachment":[{"href":"https:\/\/www.europesays.com\/fr\/wp-json\/wp\/v2\/media?parent=504278"}],"wp:term":[{"taxonomy":"category","embeddable":true,"href":"https:\/\/www.europesays.com\/fr\/wp-json\/wp\/v2\/categories?post=504278"},{"taxonomy":"post_tag","embeddable":true,"href":"https:\/\/www.europesays.com\/fr\/wp-json\/wp\/v2\/tags?post=504278"}],"curies":[{"name":"wp","href":"https:\/\/api.w.org\/{rel}","templated":true}]}}