{"id":504299,"date":"2025-11-01T10:07:11","date_gmt":"2025-11-01T10:07:11","guid":{"rendered":"https:\/\/www.europesays.com\/fr\/504299\/"},"modified":"2025-11-01T10:07:11","modified_gmt":"2025-11-01T10:07:11","slug":"shein-arrive-au-bhv-la-federation-francaise-du-pret-a-porter-feminin-exprime-son-degout-face-a-une-marque-de-la-honte","status":"publish","type":"post","link":"https:\/\/www.europesays.com\/fr\/504299\/","title":{"rendered":"Shein arrive au BHV\u00a0: la F\u00e9d\u00e9ration fran\u00e7aise du pr\u00eat-\u00e0-porter f\u00e9minin exprime son \u00ab\u00a0d\u00e9go\u00fbt\u00a0\u00bb face \u00e0 \u00ab\u00a0une marque de la honte\u00a0\u00bb"},"content":{"rendered":"<p class=\"paragraph text_align_left lp-f-body-02\">Mercredi 5 novembre, \u00e0 13 heures, <a href=\"\" rel=\"\">l\u2019entreprise chinoise de fast-fashion Shein d\u00e9barquera au BHV du Marais.<\/a> Le magasin grand de 1 000 m2 devrait accueillir ses premiers clients au 6e \u00e9tage de l\u2019\u00e9tablissement. \u00c0 l\u2019annonce de cette ouverture, Yann Rivoallan, pr\u00e9sident de la F\u00e9d\u00e9ration fran\u00e7aise du pr\u00eat-\u00e0-porter f\u00e9minin, a une \u00ab r\u00e9action de d\u00e9go\u00fbt \u00bb.<\/p>\n<p class=\"paragraph text_align_left lp-f-body-02\">\u00ab Shein, c\u2019est une soci\u00e9t\u00e9 pr\u00e9datrice qui a d\u00e9truit, en deux ans, pr\u00e8s de 15 000 emplois en France. On a des redressements judiciaires quasiment toutes les semaines \u00bb, d\u00e9plore-t-il <a href=\"https:\/\/rmc.bfmtv.com\/actualites\/economie\/shein-au-bhv-pour-les-touristes-a-paris-la-mode-francaise-desormais-ce-sera-ca_AV-202511010159.html?at_brand=RMC&amp;at_compte=RMCInfo&amp;at_plateforme=twitter&amp;at_campaign=Fan_pages&amp;at_medium=Community_Management\" target=\"_self\" rel=\"nofollow noopener\">sur RMC<\/a> ce samedi 1er novembre.<\/p>\n<p class=\"paragraph text_align_left lp-f-body-02\">Yann Rivoallan d\u00e9nonce la d\u00e9cision de Fr\u00e9d\u00e9ric Merlin, patron du BHV. \u00ab Il est en train de tuer \u00bb l\u2019\u00e9tablissement \u00ab pour le donner aux Chinois et \u00e0 Shein \u00bb. La semaine derni\u00e8re, il le qualifiait de \u00ab menteur pathologique \u00bb.<\/p>\n<blockquote class=\"twitter-tweet\">\n<p lang=\"fr\" dir=\"ltr\">\ud83d\udd34 Shein s&rsquo;installe mercredi au BHV<\/p>\n<p>\ud83c\udf99\ufe0f \u00ab\u00a0Pour leur chiffre d&rsquo;affaires, c&rsquo;est rien mais c&rsquo;est un symbole. Pour les touristes \u00e0 Paris, la mode fran\u00e7aise, d\u00e9sormais c&rsquo;est Shein\u00a0\u00bb, d\u00e9plore Yann Rivoallan, pr\u00e9sident de la F\u00e9d\u00e9ration fran\u00e7aise du pr\u00eat-\u00e0-porter f\u00e9minin <a href=\"https:\/\/twitter.com\/hashtag\/AnaisMatin?src=hash&amp;ref_src=twsrc%5Etfw\" rel=\"nofollow noopener\" target=\"_blank\">#AnaisMatin<\/a> <a href=\"https:\/\/t.co\/5d3LFGjxCc\" rel=\"nofollow\">pic.twitter.com\/5d3LFGjxCc<\/a><\/p>\n<p>\u2014 RMC (@RMCInfo) <a href=\"https:\/\/twitter.com\/RMCInfo\/status\/1984527763290599868?ref_src=twsrc%5Etfw\" rel=\"nofollow noopener\" target=\"_blank\">November 1, 2025<\/a><\/p><\/blockquote>\n<p>\u00ab Le BHV, c\u2019est un symbole \u00bb<\/p>\n<p class=\"paragraph text_align_left lp-f-body-02\">\u00ab Soit il a d\u00e9cid\u00e9 de trahir la France en travaillant avec cette marque de la honte, soit c\u2019est quelqu\u2019un d\u2019une profonde incomp\u00e9tence et ne sait pas g\u00e9rer ses magasins. Je partirais plut\u00f4t dans cette direction parce que quand on voit les enseignes parties du BHV, les all\u00e9es vides\u2026 \u00bb, lance Yann Rivoallan.<\/p>\n<p class=\"paragraph text_align_left lp-f-body-02\">\u00ab Le BHV, c\u2019est un symbole. Pour toutes les personnes \u00e9trang\u00e8res, les touristes qui entrent dans Paris, ils vont voir \u00ab Shein BHV \u00bb. Pour eux, clairement, la mode fran\u00e7aise, d\u00e9sormais, c\u2019est Shein \u00bb, d\u00e9plore-t-il, \u00e9voquant un \u00ab point symbolique extr\u00eamement grave \u00bb.<\/p>\n<p class=\"paragraph text_align_left lp-f-body-02\">Yann Rivoallan souligne en outre la faible <a href=\"https:\/\/www.leparisien.fr\/economie\/consommation\/shein-temu-face-a-lultra-fast-fashion-des-consommateurs-avides-mais-inquiets-16-10-2025-3A3NAR4MPZGE7EYSOOZRG3ZUU4.php\" target=\"_self\" rel=\"nofollow noopener\">qualit\u00e9 des produits propos\u00e9s par le g\u00e9ant de la fast-fashion<\/a>. \u00ab Les v\u00eatements Shein, c\u2019est dangereux \u00e0 deux niveaux : pour la plan\u00e8te, parce que 85 % d\u2019entre eux sont faits en plastique, et pour nous, parce qu\u2019on porte litt\u00e9ralement des sacs-poubelles sur soi ! \u00bb alerte-t-il.<\/p>\n<p>\u00ab Mauvais signal \u00bb selon le ministre du Commerce<\/p>\n<p class=\"paragraph text_align_left lp-f-body-02\">Depuis un mois, l\u2019ambiance est devenue des plus moroses dans les locaux du BHV, certaines marques ayant d\u00e9cid\u00e9 de quitter le lieu. Impossible pour elles de se trouver au m\u00eame endroit qu\u2019une entreprise comme Shein. Pour d\u2019autres, le d\u00e9part \u00e9tait d\u00e9j\u00e0 pr\u00e9vu de longue date \u00e0 cause de nombreux impay\u00e9s. Mais l\u2019annonce fracassante de <a href=\"https:\/\/www.leparisien.fr\/economie\/jeune-tycoon-creatif-et-rigoureux-ou-boss-megalo-qui-est-vraiment-frederic-merlin-le-patron-du-bhv-11-10-2025-2SAMJKIBC5DLVNN5FNRG3QV7MM.php\" rel=\"nofollow noopener\" target=\"_blank\">Fr\u00e9d\u00e9ric Merlin<\/a> aurait presque acc\u00e9l\u00e9r\u00e9 ces processus.<\/p>\n<p class=\"paragraph text_align_left lp-f-body-02\">Ce mariage avec Shein, accus\u00e9 de concurrence d\u00e9loyale, de pollution environnementale ou encore de conditions de travail indignes, a envoy\u00e9 un \u00ab mauvais signal \u00bb <a href=\"https:\/\/www.leparisien.fr\/economie\/consommation\/shein-arrive-disneyland-renonce-morosite-a-tous-les-etages-du-bhv-on-se-demande-tous-ou-on-va-23-10-2025-KT3KCAJIQRDA3N42DBKFASX4KY.php\" target=\"_self\" rel=\"nofollow noopener\">selon Serge Papin, ministre fran\u00e7ais du Commerce<\/a>, et provoqu\u00e9 la \u00ab profonde inqui\u00e9tude \u00bb de la maire de Paris Anne Hidalgo. Fr\u00e9d\u00e9ric Merlin s\u2019est lui enthousiasm\u00e9 d\u2019une \u00ab premi\u00e8re mondiale \u00bb.<\/p>\n<p><script async src=\"https:\/\/platform.twitter.com\/widgets.js\" charset=\"utf-8\"><\/script><\/p>\n","protected":false},"excerpt":{"rendered":"Mercredi 5 novembre, \u00e0 13 heures, l\u2019entreprise chinoise de fast-fashion Shein d\u00e9barquera au BHV du Marais. Le magasin&hellip;\n","protected":false},"author":2,"featured_media":504300,"comment_status":"","ping_status":"","sticky":false,"template":"","format":"standard","meta":{"footnotes":""},"categories":[1888],"tags":[11,33,1777,674,1011,27,1944,12,626,25],"class_list":{"0":"post-504299","1":"post","2":"type-post","3":"status-publish","4":"format-standard","5":"has-post-thumbnail","7":"category-paris","8":"tag-actualites","9":"tag-economie","10":"tag-eu","11":"tag-europe","12":"tag-fr","13":"tag-france","14":"tag-ma-ville","15":"tag-news","16":"tag-paris","17":"tag-republique-francaise"},"share_on_mastodon":{"url":"https:\/\/pubeurope.com\/@fr\/115473891082368284","error":""},"_links":{"self":[{"href":"https:\/\/www.europesays.com\/fr\/wp-json\/wp\/v2\/posts\/504299","targetHints":{"allow":["GET"]}}],"collection":[{"href":"https:\/\/www.europesays.com\/fr\/wp-json\/wp\/v2\/posts"}],"about":[{"href":"https:\/\/www.europesays.com\/fr\/wp-json\/wp\/v2\/types\/post"}],"author":[{"embeddable":true,"href":"https:\/\/www.europesays.com\/fr\/wp-json\/wp\/v2\/users\/2"}],"replies":[{"embeddable":true,"href":"https:\/\/www.europesays.com\/fr\/wp-json\/wp\/v2\/comments?post=504299"}],"version-history":[{"count":0,"href":"https:\/\/www.europesays.com\/fr\/wp-json\/wp\/v2\/posts\/504299\/revisions"}],"wp:featuredmedia":[{"embeddable":true,"href":"https:\/\/www.europesays.com\/fr\/wp-json\/wp\/v2\/media\/504300"}],"wp:attachment":[{"href":"https:\/\/www.europesays.com\/fr\/wp-json\/wp\/v2\/media?parent=504299"}],"wp:term":[{"taxonomy":"category","embeddable":true,"href":"https:\/\/www.europesays.com\/fr\/wp-json\/wp\/v2\/categories?post=504299"},{"taxonomy":"post_tag","embeddable":true,"href":"https:\/\/www.europesays.com\/fr\/wp-json\/wp\/v2\/tags?post=504299"}],"curies":[{"name":"wp","href":"https:\/\/api.w.org\/{rel}","templated":true}]}}