{"id":504301,"date":"2025-11-01T10:08:28","date_gmt":"2025-11-01T10:08:28","guid":{"rendered":"https:\/\/www.europesays.com\/fr\/504301\/"},"modified":"2025-11-01T10:08:28","modified_gmt":"2025-11-01T10:08:28","slug":"monaco-paris-fc-a-quelle-heure-et-sur-quelle-chaine-voir-le-match-en-direct-et-en-streaming","status":"publish","type":"post","link":"https:\/\/www.europesays.com\/fr\/504301\/","title":{"rendered":"Monaco \u2013 Paris FC : \u00e0 quelle heure et sur quelle cha\u00eene voir le match en direct et en streaming ?"},"content":{"rendered":"<p class=\"paragraph text_align_left lp-f-body-02\">\u00c0 l\u2019issue de la dixi\u00e8me journ\u00e9e de Ligue 1 McDonald\u2019s, les joueurs de la Principaut\u00e9 totalisent vingt points gr\u00e2ce \u00e0 six victoires et deux nuls. Les co\u00e9quipiers de Folarin Balogun restent sur quatre matchs sans d\u00e9faite. Apr\u00e8s avoir remport\u00e9 la confrontation contre Nantes sur un score de cinq buts \u00e0 trois, les Mon\u00e9gasques montent sur la seconde marche du podium, derri\u00e8re le PSG. Pour le moment, les Rouge et Blanc signent la deuxi\u00e8me meilleure performance offensive de la saison avec vingt-trois buts inscrits. De son c\u00f4t\u00e9, le Paris FC sort d\u2019un nul conc\u00e9d\u00e9 \u00e0 l\u2019Olympique Lyonnais (3-3). Ce point suppl\u00e9mentaire permet aux Franciliens de prendre la douzi\u00e8me place du classement. Le Paris FC enregistre d\u00e9sormais onze points, trois victoires, deux nuls et cinq d\u00e9faites. Au cours de la rencontre avec les Gones, Thibault De Smet a \u00e9t\u00e9 expuls\u00e9 \u00e0 la suite de deux cartons jaunes. Le d\u00e9fenseur belge ne participera donc pas \u00e0 ce nouveau d\u00e9placement. Dans ces lignes on vous dit \u00e0 quelle heure et sur quelle cha\u00eene voir le match Monaco &#8211; Paris FC en direct et en streaming.<\/p>\n<p>Diffusion Monaco \u2013 Paris FC en direct : sur quelle cha\u00eene regarder le match ?<\/p>\n<p class=\"paragraph text_align_left lp-f-body-02\"><b>Le match qui oppose Monaco et le Paris FC est diffus\u00e9 ce samedi 1 novembre <\/b><a href=\"https:\/\/www.tkqlhce.com\/click-100434109-17139035\" target=\"_blank\" rel=\"sponsored nofollow noopener\"><b>en direct et en streaming sur Ligue 1+<\/b><\/a><b>. La rencontre aura lieu \u00e0 19h au stade Louis II de Monaco.<\/b> L\u2019arbitre \u00c9ric Wattellier dirigera le face-\u00e0-face, assist\u00e9 de Dominique Julien et d\u2019Hakim Ben El Hadj \u00e0 la VAR. Erwan Finjean et Valentin Evrard ont, quant \u00e0 eux, \u00e9t\u00e9 d\u00e9sign\u00e9s arbitres assistants.<\/p>\n<p class=\"paragraph text_align_left lp-f-body-02\"><b>Cliquez ici pour<\/b> <a href=\"https:\/\/www.tkqlhce.com\/click-100434109-17139035\" target=\"_blank\" rel=\"sponsored nofollow noopener\"><b>regarder le match sur Ligue 1+<\/b><\/a><\/p>\n<p class=\"paragraph text_align_left lp-f-body-02\"><b>Abonnement Ligue 1+ en direct : <\/b><a href=\"https:\/\/www.tkqlhce.com\/click-100434109-17139035\" rel=\"sponsored nofollow noopener\" target=\"_blank\"><b>\u00e0 partir de 9,99\u20ac\/mois<\/b><\/a><\/p>\n<p class=\"paragraph text_align_left lp-f-body-02\"><b>Abonnement Ligue 1+ et DAZN : <\/b><a href=\"https:\/\/dazn.prf.hn\/click\/camref:1011lSfUI\" rel=\"sponsored nofollow noopener\" target=\"_blank\"><b>\u00e0 partir de 16,99\u20ac\/mois<\/b><\/a><\/p>\n<p class=\"paragraph text_align_left lp-f-body-02\"><b>Abonnement Ligue 1+ et RMC Sport : <\/b><a href=\"https:\/\/www.awin1.com\/awclick.php?gid=448180&amp;mid=33125&amp;awinaffid=467845&amp;linkid=3247029&amp;clickref=\" rel=\"sponsored nofollow noopener\" target=\"_blank\"><b>\u00e0 partir de 19\u20ac\/mois<\/b><\/a><\/p>\n<p class=\"paragraph text_align_left lp-f-body-02\"><b>Abonnement Ligue 1+ via Prime Video : <\/b><a href=\"https:\/\/www.primevideo.com\/offers\/?benefitId=ligueonefr&amp;?tag=lepar03-21\" rel=\"sponsored nofollow noopener\" target=\"_blank\"><b>\u00e0 partir de 14,99 \u20ac\/mois<\/b><\/a><\/p>\n","protected":false},"excerpt":{"rendered":"\u00c0 l\u2019issue de la dixi\u00e8me journ\u00e9e de Ligue 1 McDonald\u2019s, les joueurs de la Principaut\u00e9 totalisent vingt points&hellip;\n","protected":false},"author":2,"featured_media":504302,"comment_status":"","ping_status":"","sticky":false,"template":"","format":"standard","meta":{"footnotes":""},"categories":[1888],"tags":[11,1777,674,63,1011,27,749,66,62625,12,626,25,6718],"class_list":{"0":"post-504301","1":"post","2":"type-post","3":"status-publish","4":"format-standard","5":"has-post-thumbnail","7":"category-paris","8":"tag-actualites","9":"tag-eu","10":"tag-europe","11":"tag-football","12":"tag-fr","13":"tag-france","14":"tag-guide-shopping","15":"tag-ligue-1","16":"tag-monaco-paris-fc","17":"tag-news","18":"tag-paris","19":"tag-republique-francaise","20":"tag-tv-streaming"},"share_on_mastodon":{"url":"https:\/\/pubeurope.com\/@fr\/115473894927749583","error":""},"_links":{"self":[{"href":"https:\/\/www.europesays.com\/fr\/wp-json\/wp\/v2\/posts\/504301","targetHints":{"allow":["GET"]}}],"collection":[{"href":"https:\/\/www.europesays.com\/fr\/wp-json\/wp\/v2\/posts"}],"about":[{"href":"https:\/\/www.europesays.com\/fr\/wp-json\/wp\/v2\/types\/post"}],"author":[{"embeddable":true,"href":"https:\/\/www.europesays.com\/fr\/wp-json\/wp\/v2\/users\/2"}],"replies":[{"embeddable":true,"href":"https:\/\/www.europesays.com\/fr\/wp-json\/wp\/v2\/comments?post=504301"}],"version-history":[{"count":0,"href":"https:\/\/www.europesays.com\/fr\/wp-json\/wp\/v2\/posts\/504301\/revisions"}],"wp:featuredmedia":[{"embeddable":true,"href":"https:\/\/www.europesays.com\/fr\/wp-json\/wp\/v2\/media\/504302"}],"wp:attachment":[{"href":"https:\/\/www.europesays.com\/fr\/wp-json\/wp\/v2\/media?parent=504301"}],"wp:term":[{"taxonomy":"category","embeddable":true,"href":"https:\/\/www.europesays.com\/fr\/wp-json\/wp\/v2\/categories?post=504301"},{"taxonomy":"post_tag","embeddable":true,"href":"https:\/\/www.europesays.com\/fr\/wp-json\/wp\/v2\/tags?post=504301"}],"curies":[{"name":"wp","href":"https:\/\/api.w.org\/{rel}","templated":true}]}}