{"id":504307,"date":"2025-11-01T10:11:10","date_gmt":"2025-11-01T10:11:10","guid":{"rendered":"https:\/\/www.europesays.com\/fr\/504307\/"},"modified":"2025-11-01T10:11:10","modified_gmt":"2025-11-01T10:11:10","slug":"etats-unis-la-guerre-judiciaire-france-culture","status":"publish","type":"post","link":"https:\/\/www.europesays.com\/fr\/504307\/","title":{"rendered":"Etats-Unis\u00a0: la guerre judiciaire | France Culture"},"content":{"rendered":"<p class=\"PopSlotParagraph qg-tx2 qg-xtra-lh svelte-1r0pyek\">Ils se sont vus jeudi, et comme il se doit chacun crie victoire &#8211; les pr\u00e9sidents am\u00e9ricain et chinois ont en tout cas d\u00e9cid\u00e9 d\u2019une tr\u00eave dans la confrontation entre les deux plus puissantes \u00e9conomies mondiales. Pr\u00e8s d\u2019un an depuis sa r\u00e9\u00e9lection, Donald Trump savoure les r\u00e9sultats de sa tourn\u00e9e en Asie du Sud-Est, parfaite illustration de sa conception d\u2019une politique \u00e9trang\u00e8re qui est d\u2019abord une politique commerciale. En Malaisie comme au Japon et en Cor\u00e9e du Sud, le ma\u00eetre du deal a ren\u00e9goci\u00e9 \u00e0 la baisse les droits de douane gigantesques qu\u2019il avait impos\u00e9s aux \u00e9conomies du Sud-Est asiatique, obtenant en \u00e9change minerais, terres rares et promesses d\u2019investissements aux Etats-Unis.<\/p>\n<p class=\"PopSlotParagraph qg-tx2 qg-xtra-lh svelte-1r0pyek\">Quels ont \u00e9t\u00e9 jusqu\u2019ici les r\u00e9sultats du choc inflig\u00e9 depuis avril dernier aux \u00e9changes internationaux, l\u2019\u00e9conomie am\u00e9ricaine en a-t-elle b\u00e9n\u00e9fici\u00e9, qui en paie la facture\u00a0? Ironie du calendrier, cette politique tarifaire pourrait \u00eatre remise en cause.<\/p>\n<p> Prochaines \u00e9ch\u00e9ances pour la Cour Supr\u00eame&#8230;<\/p>\n<p class=\"PopSlotParagraph qg-tx2 qg-xtra-lh svelte-1r0pyek\">Mercredi prochain, la Cour Supr\u00eame doit examiner la l\u00e9galit\u00e9 de l\u2019argument d\u2019urgence \u00e9conomique brandi \u00e0 l\u2019\u00e9poque par l\u2019administration pour contourner le Congr\u00e8s, dont les comp\u00e9tences sont syst\u00e9matiquement bafou\u00e9es. Comment ces 9 juges, dont 6 ont \u00e9t\u00e9 nomm\u00e9s par Donald Trump lui-m\u00eame, vont-ils se d\u00e9p\u00eatrer d\u2019un litige pesant au moins 80 milliards de dollars\u00a0?<\/p>\n<p class=\"PopSlotParagraph qg-tx2 qg-xtra-lh svelte-1r0pyek\">Le pr\u00e9sident consid\u00e8re volontiers que la plus haute juridiction est \u00e0 sa botte \u2013 elle a jusqu\u2019\u00e0 pr\u00e9sent ent\u00e9rin\u00e9 la plupart de ses initiatives \u00e9tendant consid\u00e9rablement le champ du pouvoir ex\u00e9cutif. Depuis 9 mois, l\u2019\u00e9difice institutionnel vacille et la guerre judiciaire bat son plein. Quels sont les ressorts de cette r\u00e9volution populiste que Donald Trump entend incarner \u00e0 son avantage et celui de son camp\u00a0?<\/p>\n<p class=\"PopSlotParagraph qg-tx2 qg-xtra-lh svelte-1r0pyek\">Le gouvernement f\u00e9d\u00e9ral est \u00e0 l\u2019arr\u00eat, faute d\u2019un accord sur le budget entre R\u00e9publicains vassalis\u00e9s et D\u00e9mocrates d\u00e9boussol\u00e9s. Mardi prochain, la ville de New York doit \u00e9lire son maire. Le favori Zohran Mamdani, \u00e0 l\u2019extr\u00eame gauche du parti, nourrit d\u00e9j\u00e0 la vindicte MAGA et embarrasse les dirigeants d\u00e9mocrates traditionnels. Le populisme de gauche serait-il la seule r\u00e9ponse possible au trumpisme\u00a0?<\/p>\n<p> <strong>Nos invit\u00e9s\u00a0:<\/strong><\/p>\n<p class=\"PopSlotParagraph qg-tx2 qg-xtra-lh svelte-1r0pyek\"><strong>Anne Deysine<\/strong> a fait para\u00eetre en octobre 2024 aux presses universitaires de Nanterre l\u2019ouvrage Les juges contre l&rsquo;Am\u00e9rique\u00a0: la capture de la Cour supr\u00eame par la droite radicale.<\/p>\n<p class=\"PopSlotParagraph qg-tx2 qg-xtra-lh svelte-1r0pyek\"><strong>Elisa Chelle<\/strong> est l\u2019auteure du livre La D\u00e9mocratie \u00e0 l&rsquo;\u00e9preuve du populisme. Les le\u00e7ons du trumpisme, paru en septembre 2025 aux \u00e9ditions Odile Jacob.<\/p>\n<p class=\"PopSlotParagraph qg-tx2 qg-xtra-lh svelte-1r0pyek\"><strong>Florence Pisani<\/strong> a co-\u00e9crit avec Emile Gagna la s\u00e9rie d\u2019articles \u201cLa politique \u00e9conomique de Trump\u201d, publi\u00e9e au printemps 2025 et disponible sur le site de Candriam.<\/p>\n<p class=\"PopSlotParagraph qg-tx2 qg-xtra-lh svelte-1r0pyek\"><strong>Agathe Demarais<\/strong> a publi\u00e9 en septembre 2025 un rapport pour l\u2019ECFR, intitul\u00e9 \u201cRide the wave: A big, beautiful European strategy for Trumponomics\u201d.<\/p>\n","protected":false},"excerpt":{"rendered":"Ils se sont vus jeudi, et comme il se doit chacun crie victoire &#8211; les pr\u00e9sidents am\u00e9ricain et&hellip;\n","protected":false},"author":2,"featured_media":504308,"comment_status":"","ping_status":"","sticky":false,"template":"","format":"standard","meta":{"footnotes":""},"categories":[1589],"tags":[11,73,1866,12,1864,1865,1863,308],"class_list":{"0":"post-504307","1":"post","2":"type-post","3":"status-publish","4":"format-standard","5":"has-post-thumbnail","7":"category-etats-unis","8":"tag-actualites","9":"tag-etats-unis","10":"tag-etats-unis-damerique","11":"tag-news","12":"tag-united-states","13":"tag-united-states-of-america","14":"tag-us","15":"tag-usa"},"share_on_mastodon":{"url":"https:\/\/pubeurope.com\/@fr\/115473907065762976","error":""},"_links":{"self":[{"href":"https:\/\/www.europesays.com\/fr\/wp-json\/wp\/v2\/posts\/504307","targetHints":{"allow":["GET"]}}],"collection":[{"href":"https:\/\/www.europesays.com\/fr\/wp-json\/wp\/v2\/posts"}],"about":[{"href":"https:\/\/www.europesays.com\/fr\/wp-json\/wp\/v2\/types\/post"}],"author":[{"embeddable":true,"href":"https:\/\/www.europesays.com\/fr\/wp-json\/wp\/v2\/users\/2"}],"replies":[{"embeddable":true,"href":"https:\/\/www.europesays.com\/fr\/wp-json\/wp\/v2\/comments?post=504307"}],"version-history":[{"count":0,"href":"https:\/\/www.europesays.com\/fr\/wp-json\/wp\/v2\/posts\/504307\/revisions"}],"wp:featuredmedia":[{"embeddable":true,"href":"https:\/\/www.europesays.com\/fr\/wp-json\/wp\/v2\/media\/504308"}],"wp:attachment":[{"href":"https:\/\/www.europesays.com\/fr\/wp-json\/wp\/v2\/media?parent=504307"}],"wp:term":[{"taxonomy":"category","embeddable":true,"href":"https:\/\/www.europesays.com\/fr\/wp-json\/wp\/v2\/categories?post=504307"},{"taxonomy":"post_tag","embeddable":true,"href":"https:\/\/www.europesays.com\/fr\/wp-json\/wp\/v2\/tags?post=504307"}],"curies":[{"name":"wp","href":"https:\/\/api.w.org\/{rel}","templated":true}]}}