{"id":504311,"date":"2025-11-01T10:13:14","date_gmt":"2025-11-01T10:13:14","guid":{"rendered":"https:\/\/www.europesays.com\/fr\/504311\/"},"modified":"2025-11-01T10:13:14","modified_gmt":"2025-11-01T10:13:14","slug":"lallemagne-et-la-jordanie-estiment-que-la-force-internationale-pour-gaza-devra-etre-mandatee-par-lonu","status":"publish","type":"post","link":"https:\/\/www.europesays.com\/fr\/504311\/","title":{"rendered":"L\u2019Allemagne et la Jordanie estiment que la force internationale pour Gaza devra \u00eatre mandat\u00e9e par l&rsquo;ONU"},"content":{"rendered":"<p>\n    L\u2019id\u00e9e d\u2019une force internationale sans encadrement de l\u2019ONU a suscit\u00e9 la controverse, des experts ayant averti le mois dernier qu\u2019elle \u00abremplacerait l\u2019occupation isra\u00e9lienne par une occupation dirig\u00e9e par les \u00c9tats-Unis\u00bb.<\/p>\n<p class=\"fig-paragraph\">La Jordanie et l&rsquo;Allemagne estiment ce samedi 1er novembre que la force internationale qui doit \u00eatre d\u00e9ploy\u00e9e \u00e0 Gaza selon le plan d&rsquo;apr\u00e8s-guerre du pr\u00e9sident am\u00e9ricain\u00a0<a href=\"https:\/\/video.lefigaro.fr\/figaro\/international\/cela-fonctionne-tres-bien-pour-lepoque-dabraham-lincoln-donald-trump-transforme-une-salle-de-bain-de-la-maison-blanche-en-ecrin-de-marbre-20251101\" target=\"_blank\" data-fig-type=\"Video\" rel=\"noopener\" data-gtm-custom-categorie=\"navigation\" data-gtm-custom-action=\"crossclick\" data-gtm-custom-label=\"Contextuel\" data-gtm-event=\"customEventSPE\" data-fig-domain=\"LEFIGARO\">Donald Trump<\/a>, devrait \u00eatre mandat\u00e9e par l&rsquo;ONU. Cette \u00abForce de stabilisation internationale\u00bb est pr\u00e9vue dans l&rsquo;accord qui a conduit \u00e0 un fragile cessez-le-feu le 10 octobre entre Isra\u00ebl et le Hamas palestinien, apr\u00e8s deux ans de guerre d\u00e9vastatrice d\u00e9clench\u00e9e par l&rsquo;attaque du 7-Octobre.<\/p>\n<p class=\"fig-paragraph\">Selon les termes de cet accord, elle sera compos\u00e9e d&rsquo;une coalition en majorit\u00e9 compos\u00e9e de pays arabes et musulmans, et d\u00e9ploy\u00e9e \u00e0 Gaza pour y superviser la s\u00e9curit\u00e9 \u00e0 mesure que l&rsquo;arm\u00e9e isra\u00e9lienne s&rsquo;en retirera. \u00abNous sommes tous d&rsquo;accord pour dire que, pour que cette force de stabilisation puisse accomplir efficacement sa mission, elle doit disposer d&rsquo;un mandat du Conseil de s\u00e9curit\u00e9\u00bb, a d\u00e9clar\u00e9 le ministre jordanien des Affaires \u00e9trang\u00e8res, Ayman Safadi. Il s&rsquo;exprimait au c\u00f4t\u00e9 de son homologue allemand Johann Wadephul \u00e0 l&rsquo;occasion d&rsquo;une conf\u00e9rence \u00e0 Manama, la capitale de Bahre\u00efn.<\/p>\n<p>                                    <a class=\"fig-a11y-skip a11y-hidden\" href=\"#fig-a11y-skip-main-inarticle\"><br \/>\n        Passer la publicit\u00e9<br \/>\n    <\/a><\/p>\n<p>Pas de soldats jordaniens \u00e0 Gaza<\/p>\n<p class=\"fig-paragraph\">Johann Wadephul a \u00e9galement soutenu l&rsquo;id\u00e9e d&rsquo;un mandat de l&rsquo;<a href=\"http:\/\/www.lefigaro.fr\/international\/sahara-occidental-le-conseil-de-securite-de-l-onu-apporte-son-soutien-au-plan-marocain-20251031\" target=\"_blank\" data-fig-type=\"NewsFlash\" rel=\"noopener\" data-gtm-custom-categorie=\"navigation\" data-gtm-custom-action=\"crossclick\" data-gtm-custom-label=\"Contextuel\" data-gtm-event=\"customEventSPE\" data-fig-domain=\"LEFIGARO\">ONU<\/a>\u00a0pour cette force internationale, qui devra reposer sur \u00abune base l\u00e9gale claire en droit international\u00bb. \u00abC&rsquo;est tr\u00e8s important pour les pays dispos\u00e9s \u00e0 envoyer leurs troupes \u00e0 Gaza, et pour les Palestiniens. L&rsquo;Allemagne souhaite \u00e9galement un mandat clair pour cette mission\u00bb, a-t-il d\u00e9clar\u00e9.<\/p>\n<p class=\"fig-paragraph\">Le responsable jordanien a par ailleurs pr\u00e9cis\u00e9 que son pays n&rsquo;enverrait pas de soldats \u00e0 Gaza: \u00abnous sommes trop impliqu\u00e9s sur ce sujet et ne pouvons pas d\u00e9ployer de troupes\u00bb, a-t-il dit, pr\u00e9cisant que la Jordanie \u00e9tait toutefois dispos\u00e9e \u00e0 former la force et \u00e0 coop\u00e9rer avec elle.<\/p>\n<p class=\"fig-paragraph\">L&rsquo;id\u00e9e d&rsquo;une force internationale sans encadrement de l&rsquo;ONU a suscit\u00e9 la controverse, des experts ayant averti le mois dernier qu&rsquo;elle \u00abremplacerait l&rsquo;occupation isra\u00e9lienne par une occupation dirig\u00e9e par les \u00c9tats-Unis, contraire \u00e0 l&rsquo;autod\u00e9termination palestinienne\u00bb.<\/p>\n<p class=\"fig-paragraph\">L&rsquo;ONU a mandat\u00e9 des forces internationales de maintien de la paix dans la r\u00e9gion depuis des d\u00e9cennies, notamment au Liban avec la Finul et ses quelque 10.000 casques bleus faisant tampon entre Isra\u00ebl et le Liban depuis 1978, et dont la fin de mission est programm\u00e9e \u00e0 2027.<\/p>\n","protected":false},"excerpt":{"rendered":"L\u2019id\u00e9e d\u2019une force internationale sans encadrement de l\u2019ONU a suscit\u00e9 la controverse, des experts ayant averti le mois&hellip;\n","protected":false},"author":2,"featured_media":504312,"comment_status":"","ping_status":"","sticky":false,"template":"","format":"standard","meta":{"footnotes":""},"categories":[1587],"tags":[11,672,1804,3259,1805,1803,1777,674,665,1801,12,1802],"class_list":{"0":"post-504311","1":"post","2":"type-post","3":"status-publish","4":"format-standard","5":"has-post-thumbnail","7":"category-allemagne","8":"tag-actualites","9":"tag-allemagne","10":"tag-bundesrepublik-deutschland","11":"tag-conflit-israelo-palestinien","12":"tag-de","13":"tag-deutschland","14":"tag-eu","15":"tag-europe","16":"tag-gaza","17":"tag-germany","18":"tag-news","19":"tag-republique-federale-dallemagne"},"share_on_mastodon":{"url":"https:\/\/pubeurope.com\/@fr\/115473914589035316","error":""},"_links":{"self":[{"href":"https:\/\/www.europesays.com\/fr\/wp-json\/wp\/v2\/posts\/504311","targetHints":{"allow":["GET"]}}],"collection":[{"href":"https:\/\/www.europesays.com\/fr\/wp-json\/wp\/v2\/posts"}],"about":[{"href":"https:\/\/www.europesays.com\/fr\/wp-json\/wp\/v2\/types\/post"}],"author":[{"embeddable":true,"href":"https:\/\/www.europesays.com\/fr\/wp-json\/wp\/v2\/users\/2"}],"replies":[{"embeddable":true,"href":"https:\/\/www.europesays.com\/fr\/wp-json\/wp\/v2\/comments?post=504311"}],"version-history":[{"count":0,"href":"https:\/\/www.europesays.com\/fr\/wp-json\/wp\/v2\/posts\/504311\/revisions"}],"wp:featuredmedia":[{"embeddable":true,"href":"https:\/\/www.europesays.com\/fr\/wp-json\/wp\/v2\/media\/504312"}],"wp:attachment":[{"href":"https:\/\/www.europesays.com\/fr\/wp-json\/wp\/v2\/media?parent=504311"}],"wp:term":[{"taxonomy":"category","embeddable":true,"href":"https:\/\/www.europesays.com\/fr\/wp-json\/wp\/v2\/categories?post=504311"},{"taxonomy":"post_tag","embeddable":true,"href":"https:\/\/www.europesays.com\/fr\/wp-json\/wp\/v2\/tags?post=504311"}],"curies":[{"name":"wp","href":"https:\/\/api.w.org\/{rel}","templated":true}]}}