{"id":504315,"date":"2025-11-01T10:15:15","date_gmt":"2025-11-01T10:15:15","guid":{"rendered":"https:\/\/www.europesays.com\/fr\/504315\/"},"modified":"2025-11-01T10:15:15","modified_gmt":"2025-11-01T10:15:15","slug":"giannis-antetokounmpo-les-knicks-ont-bien-eu-un-coup-a-jouer","status":"publish","type":"post","link":"https:\/\/www.europesays.com\/fr\/504315\/","title":{"rendered":"Giannis Antetokounmpo, les Knicks ont bien eu un coup \u00e0 jouer&#8230;"},"content":{"rendered":"<p>Il ne s&rsquo;agit pas d&rsquo;un secret : il y a eu des discussions entre les Milwaukee Bucks et les New York Knicks pour un trade de <strong>Giannis Antetokounmpo<\/strong> cet \u00e9t\u00e9. Longtemps en r\u00e9flexion par rapport \u00e0 son avenir dans le Wisconsin, le Grec avait ouvert la porte \u00e0 un d\u00e9part pour NY.<\/p>\n<p>Les deux franchises ont donc \u00e9t\u00e9 inform\u00e9es de la position de l&rsquo;int\u00e9rieur de 30 ans. Et il y a eu des n\u00e9gociations concr\u00e8tes entre les Bucks et les Knicks ! Selon les informations du journaliste d&rsquo;ESPN Shams Charania, les \u00e9changes ont dur\u00e9 deux semaines.<\/p>\n<p>\u00ab\u00a0Il y a eu une p\u00e9riode de deux semaines pendant l&rsquo;\u00e9t\u00e9 o\u00f9 la situation \u00e9tait claire : les Knicks savaient que Giannis \u00e9tait pr\u00eat \u00e0 jouer pour eux, les Bucks aussi. Il y a eu des discussions, et des offres ont \u00e9t\u00e9 r\u00e9alis\u00e9es.<\/p>\n<p>Le deal n&rsquo;a pas \u00e9t\u00e9 finalis\u00e9. Mais les Knicks ont eu une chance\u00a0\u00bb, <a href=\"https:\/\/twitter.com\/Fullcourtpass\/status\/1984269393770254578\" target=\"_blank\" rel=\"noopener\">a insist\u00e9<\/a> Charania.<\/p>\n<p>On le sait, d\u00e8s le d\u00e9but des discussions, NY a mis une limite : <strong>Jalen Brunson<\/strong> \u00e9tait intouchable. Une position logique car l&rsquo;objectif restait d&rsquo;associer Antetokounmpo avec Brunson. Mais pour Milwaukee, un accord \u00e9tait visiblement impossible face au package propos\u00e9 par New York.<\/p>\n<p><a class=\"read-too\" href=\"https:\/\/www.basketsession.com\/NBA\/giannis-antetokounmpo-un-debut-historique-dans-le-style-shaq-753681\/\" target=\"_blank\" rel=\"noopener\">Giannis Antetokounmpo, un d\u00e9but historique dans le style Shaq<\/a><\/p>\n<p>    <script async src=\"https:\/\/platform.twitter.com\/widgets.js\" charset=\"utf-8\"><\/script><\/p>\n","protected":false},"excerpt":{"rendered":"Il ne s&rsquo;agit pas d&rsquo;un secret : il y a eu des discussions entre les Milwaukee Bucks et&hellip;\n","protected":false},"author":2,"featured_media":504316,"comment_status":"","ping_status":"","sticky":false,"template":"","format":"standard","meta":{"footnotes":""},"categories":[1586],"tags":[11,1777,674,1779,1011,27,47725,62626,62627,12,25,62628,1778,364],"class_list":{"0":"post-504315","1":"post","2":"type-post","3":"status-publish","4":"format-standard","5":"has-post-thumbnail","7":"category-europe","8":"tag-actualites","9":"tag-eu","10":"tag-europe","11":"tag-european-union","12":"tag-fr","13":"tag-france","14":"tag-giannis-antetokounmpo","15":"tag-milwaukee-bucks","16":"tag-new-york-knicks","17":"tag-news","18":"tag-republique-francaise","19":"tag-rumeurs-nba","20":"tag-ue","21":"tag-union-europeenne"},"share_on_mastodon":{"url":"https:\/\/pubeurope.com\/@fr\/115473922518741319","error":""},"_links":{"self":[{"href":"https:\/\/www.europesays.com\/fr\/wp-json\/wp\/v2\/posts\/504315","targetHints":{"allow":["GET"]}}],"collection":[{"href":"https:\/\/www.europesays.com\/fr\/wp-json\/wp\/v2\/posts"}],"about":[{"href":"https:\/\/www.europesays.com\/fr\/wp-json\/wp\/v2\/types\/post"}],"author":[{"embeddable":true,"href":"https:\/\/www.europesays.com\/fr\/wp-json\/wp\/v2\/users\/2"}],"replies":[{"embeddable":true,"href":"https:\/\/www.europesays.com\/fr\/wp-json\/wp\/v2\/comments?post=504315"}],"version-history":[{"count":0,"href":"https:\/\/www.europesays.com\/fr\/wp-json\/wp\/v2\/posts\/504315\/revisions"}],"wp:featuredmedia":[{"embeddable":true,"href":"https:\/\/www.europesays.com\/fr\/wp-json\/wp\/v2\/media\/504316"}],"wp:attachment":[{"href":"https:\/\/www.europesays.com\/fr\/wp-json\/wp\/v2\/media?parent=504315"}],"wp:term":[{"taxonomy":"category","embeddable":true,"href":"https:\/\/www.europesays.com\/fr\/wp-json\/wp\/v2\/categories?post=504315"},{"taxonomy":"post_tag","embeddable":true,"href":"https:\/\/www.europesays.com\/fr\/wp-json\/wp\/v2\/tags?post=504315"}],"curies":[{"name":"wp","href":"https:\/\/api.w.org\/{rel}","templated":true}]}}