{"id":504322,"date":"2025-11-01T10:19:11","date_gmt":"2025-11-01T10:19:11","guid":{"rendered":"https:\/\/www.europesays.com\/fr\/504322\/"},"modified":"2025-11-01T10:19:11","modified_gmt":"2025-11-01T10:19:11","slug":"cinq-bleus-pour-linstant-dans-les-clous-pour-rallier-la-derniere-etape-des-cartes-europeennes","status":"publish","type":"post","link":"https:\/\/www.europesays.com\/fr\/504322\/","title":{"rendered":"Cinq Bleus pour l&rsquo;instant dans les clous pour rallier la derni\u00e8re \u00e9tape des cartes europ\u00e9ennes"},"content":{"rendered":"\n<p class=\"Paragraph__content\" data-v-e14a34bc=\"\">Tandis que l&rsquo;exercice 2024-2025 du DP World Tour va bient\u00f4t toucher \u00e0 sa fin, plusieurs Fran\u00e7ais tentent d&rsquo;obtenir des droits de jeu sur la premi\u00e8re division europ\u00e9enne pour la saison prochaine. Cette semaine, 23 Bleus sont r\u00e9partis sur quatre tournois en Espagne \u00e0 l&rsquo;occasion des PQ2, avec l&rsquo;objectif de rallier l&rsquo;ultime \u00e9tape des cartes europ\u00e9ennes (7-12\u00a0novembre).<\/p>\n<p class=\"Paragraph__content\" data-v-e14a34bc=\"\">Huit d&rsquo;entre eux sont pr\u00e9sents \u00e0 Albacete (seul site o\u00f9 ce sont les 23 premiers qui composteront leur billet, 24 tickets sont disponibles sur les trois autres \u00e9v\u00e9nements). Ce contingent est emmen\u00e9 par Quentin Debove (4e, -8), auteur d&rsquo;une carte canon de 65 ce vendredi. Pierre Pineau est aussi bien plac\u00e9 (12e, -6) gr\u00e2ce \u00e0 son joli 67. En embuscade, on retrouve Gr\u00e9gory Bourdy (26e, -4). Romain Wattel, S\u00e9bastien Gros (37es, -2), Jo\u00ebl Stalter, Bastien Amat (43es, -1), Julien Quesne (51e, par) et David Guyot (57e, +1), n&rsquo;ont pas dit leur dernier mot.<\/p>\n<p>                       Roussel et Vandermotten en ballotage <\/p>\n<p class=\"Paragraph__content\" data-v-e14a34bc=\"\">\u00c0 l&rsquo;issue du deuxi\u00e8me tour \u00e0 Alm\u00e9ria, Robin Sciot-Siegrist (6e, -8) est bien install\u00e9 dans le top 24, apr\u00e8s avoir enregistr\u00e9 un bilan de 67, sans conc\u00e9der la moindre erreur. Robin Roussel partage lui le 21e rang (-4) avec quatre autres joueurs. Si ce sc\u00e9nario perdure jusqu&rsquo;\u00e0 dimanche, un play-off serait organis\u00e9 entre les cinq concurrents pour d\u00e9terminer les quatre derniers qualifi\u00e9s. Pour l&rsquo;instant 35e (-2), Edgar Catherine est encore dans la course.<\/p>\n<p class=\"Paragraph__content\" data-v-e14a34bc=\"\">Du c\u00f4t\u00e9 du Isla Canela Links de Huelva, Julien Brun est bien parti (11e, -8). Cl\u00e9ment Guichard (38e, -3), Nathan Legendre (44e, -2), Valentin Peugnet, Antoine Bachelier (48es, -1), Mathieu Decottignies-Lafon (56e, par) et l&rsquo;amateur Romain Buttarazzi (66e, +2) ont encore deux tours pour arracher le pr\u00e9cieux s\u00e9same. Enfin, Maxence Giboudot tient le bon bout (7e, -6) apr\u00e8s 36 trous disput\u00e9s \u00e0 G\u00e9rone. Engag\u00e9 \u00e0 ses c\u00f4t\u00e9s en Catalogne, Alexandre Vandermotten (32e, -3) est \u00e0 une longueur du cut. Plus loin, Martin Trainer est 60e (+2), tandis que Victor Veyret a abandonn\u00e9.<\/p>\n","protected":false},"excerpt":{"rendered":"Tandis que l&rsquo;exercice 2024-2025 du DP World Tour va bient\u00f4t toucher \u00e0 sa fin, plusieurs Fran\u00e7ais tentent d&rsquo;obtenir&hellip;\n","protected":false},"author":2,"featured_media":504323,"comment_status":"","ping_status":"","sticky":false,"template":"","format":"standard","meta":{"footnotes":""},"categories":[1418],"tags":[1011,27,1472,60],"class_list":{"0":"post-504322","1":"post","2":"type-post","3":"status-publish","4":"format-standard","5":"has-post-thumbnail","7":"category-golf","8":"tag-fr","9":"tag-france","10":"tag-golf","11":"tag-sports"},"share_on_mastodon":{"url":"https:\/\/pubeurope.com\/@fr\/115473938192317891","error":""},"_links":{"self":[{"href":"https:\/\/www.europesays.com\/fr\/wp-json\/wp\/v2\/posts\/504322","targetHints":{"allow":["GET"]}}],"collection":[{"href":"https:\/\/www.europesays.com\/fr\/wp-json\/wp\/v2\/posts"}],"about":[{"href":"https:\/\/www.europesays.com\/fr\/wp-json\/wp\/v2\/types\/post"}],"author":[{"embeddable":true,"href":"https:\/\/www.europesays.com\/fr\/wp-json\/wp\/v2\/users\/2"}],"replies":[{"embeddable":true,"href":"https:\/\/www.europesays.com\/fr\/wp-json\/wp\/v2\/comments?post=504322"}],"version-history":[{"count":0,"href":"https:\/\/www.europesays.com\/fr\/wp-json\/wp\/v2\/posts\/504322\/revisions"}],"wp:featuredmedia":[{"embeddable":true,"href":"https:\/\/www.europesays.com\/fr\/wp-json\/wp\/v2\/media\/504323"}],"wp:attachment":[{"href":"https:\/\/www.europesays.com\/fr\/wp-json\/wp\/v2\/media?parent=504322"}],"wp:term":[{"taxonomy":"category","embeddable":true,"href":"https:\/\/www.europesays.com\/fr\/wp-json\/wp\/v2\/categories?post=504322"},{"taxonomy":"post_tag","embeddable":true,"href":"https:\/\/www.europesays.com\/fr\/wp-json\/wp\/v2\/tags?post=504322"}],"curies":[{"name":"wp","href":"https:\/\/api.w.org\/{rel}","templated":true}]}}