{"id":504324,"date":"2025-11-01T10:20:15","date_gmt":"2025-11-01T10:20:15","guid":{"rendered":"https:\/\/www.europesays.com\/fr\/504324\/"},"modified":"2025-11-01T10:20:15","modified_gmt":"2025-11-01T10:20:15","slug":"pour-le-patron-dalterna-la-demission-du-president-du-stade-poitevin-est-une-bonne-decision","status":"publish","type":"post","link":"https:\/\/www.europesays.com\/fr\/504324\/","title":{"rendered":"pour le patron d\u2019Alterna, la d\u00e9mission du pr\u00e9sident du Stade Poitevin \u00ab\u00a0est une bonne d\u00e9cision\u00a0\u00bb"},"content":{"rendered":"<p>Pr\u00e9sident du groupe Sor\u00e9gies ainsi que d\u2019Alterna \u00c9nergies, et donc partenaire majeur de l\u2019Alterna Stade Poitevin, Fr\u00e9d\u00e9ric Bouvier a tenu \u00e0 rendre hommage aux trois saisons et quatre mois de Fran\u00e7ois Garreau \u00e0 la t\u00eate du club. C\u2019est notamment sous la pr\u00e9sidence de celui-ci qu\u2019Alterna \u00c9nergies est devenu le namer du club et donc partenaire avec un volet sur le tr\u00e8s haut niveau et un autre sur la formation et la citoyennet\u00e9. Un lien renforc\u00e9 un peu plus cette saison avec le financement du centre de formation par le groupe Sor\u00e9gies&#8230;. <\/p>\n<p>    Cet article a \u00e9t\u00e9 tronqu\u00e9. Abonnez-vous pour lire l&rsquo;article complet sur notre site.<\/p>\n<p style=\"margin: 0 !important; padding: 0 !important; font-size: 12px !important;\">Cet article a \u00e9t\u00e9 tronqu\u00e9. Abonnez-vous pour lire l&rsquo;article complet.<\/p>\n<p>    <a href=\"https:\/\/www.lanouvellerepublique.fr\/abonnements\" style=\"display: inline-block; margin-top: 5px !important; padding: 6px 12px !important; background: #cb1c27; color: white; text-decoration: none; border-radius: 4px; font-size: 12px !important;\" target=\"_blank\" rel=\"noopener\"><br \/>\n      S&rsquo;abonner<br \/>\n    <\/a><\/p>\n","protected":false},"excerpt":{"rendered":"Pr\u00e9sident du groupe Sor\u00e9gies ainsi que d\u2019Alterna \u00c9nergies, et donc partenaire majeur de l\u2019Alterna Stade Poitevin, Fr\u00e9d\u00e9ric Bouvier&hellip;\n","protected":false},"author":2,"featured_media":504325,"comment_status":"","ping_status":"","sticky":false,"template":"","format":"standard","meta":{"footnotes":""},"categories":[1417],"tags":[1392,1654,1011,27,1653,60,1584,1470,1469],"class_list":{"0":"post-504324","1":"post","2":"type-post","3":"status-publish","4":"format-standard","5":"has-post-thumbnail","7":"category-volley","8":"tag-a-la-une-local","9":"tag-alterna-stade-poitevin-volley-ball","10":"tag-fr","11":"tag-france","12":"tag-poitiers","13":"tag-sports","14":"tag-vienne","15":"tag-volley","16":"tag-volleyball"},"share_on_mastodon":{"url":"https:\/\/pubeurope.com\/@fr\/115473942141492613","error":""},"_links":{"self":[{"href":"https:\/\/www.europesays.com\/fr\/wp-json\/wp\/v2\/posts\/504324","targetHints":{"allow":["GET"]}}],"collection":[{"href":"https:\/\/www.europesays.com\/fr\/wp-json\/wp\/v2\/posts"}],"about":[{"href":"https:\/\/www.europesays.com\/fr\/wp-json\/wp\/v2\/types\/post"}],"author":[{"embeddable":true,"href":"https:\/\/www.europesays.com\/fr\/wp-json\/wp\/v2\/users\/2"}],"replies":[{"embeddable":true,"href":"https:\/\/www.europesays.com\/fr\/wp-json\/wp\/v2\/comments?post=504324"}],"version-history":[{"count":0,"href":"https:\/\/www.europesays.com\/fr\/wp-json\/wp\/v2\/posts\/504324\/revisions"}],"wp:featuredmedia":[{"embeddable":true,"href":"https:\/\/www.europesays.com\/fr\/wp-json\/wp\/v2\/media\/504325"}],"wp:attachment":[{"href":"https:\/\/www.europesays.com\/fr\/wp-json\/wp\/v2\/media?parent=504324"}],"wp:term":[{"taxonomy":"category","embeddable":true,"href":"https:\/\/www.europesays.com\/fr\/wp-json\/wp\/v2\/categories?post=504324"},{"taxonomy":"post_tag","embeddable":true,"href":"https:\/\/www.europesays.com\/fr\/wp-json\/wp\/v2\/tags?post=504324"}],"curies":[{"name":"wp","href":"https:\/\/api.w.org\/{rel}","templated":true}]}}