{"id":504326,"date":"2025-11-01T10:21:14","date_gmt":"2025-11-01T10:21:14","guid":{"rendered":"https:\/\/www.europesays.com\/fr\/504326\/"},"modified":"2025-11-01T10:21:14","modified_gmt":"2025-11-01T10:21:14","slug":"plus-de-500-personnes-reunies-pour-un-dernier-adieu-a-la-legende-du-rct-andre-herrero","status":"publish","type":"post","link":"https:\/\/www.europesays.com\/fr\/504326\/","title":{"rendered":"plus de 500\u00a0personnes r\u00e9unies pour un dernier adieu \u00e0 la l\u00e9gende du RCT Andr\u00e9 Herrero"},"content":{"rendered":"<p class=\"fs-5 \">Le parvis de la cath\u00e9drale de Toulon affiche complet en ce vendredi apr\u00e8s-midi. Plus de 500 personnes sont venues rendre un dernier hommage \u00e0 Andr\u00e9 Herrero, <a href=\"https:\/\/www.nicematin.com\/sports\/rugby\/l-un-des-plus-grands-joueurs-de-l-histoire-du-club-disparition-d-andre-herrero-legende-du-rct-a-l-age-de-87-ans-10653840\" target=\"_blank\" rel=\"noopener\">disparu une semaine plus t\u00f4t \u00e0 87 ans<\/a>. Lui, le joueur de rugby de l\u00e9gende, l\u2019entra\u00eeneur adul\u00e9, le pr\u00e9sident champion de France en 1992. Ce meneur d\u2019hommes qui n\u2019aura pas seulement marqu\u00e9 sa g\u00e9n\u00e9ration mais tous ceux qui ont crois\u00e9 son regard bleu acier et subi l\u2019\u00e9treinte de ses mains puissantes comme un pressoir \u00e0 olives.<\/p>\n<p>            <img src=\"https:\/\/www.europesays.com\/fr\/wp-content\/uploads\/2025\/11\/3db67ed_upload-1-g73qjscoshjy-image-afp-79vb9t3.jpg\"   loading=\"lazy\" decoding=\"async\" alt=\"(FILES) RC Toulon rugby player Andre Herrero holds the trophy and celebrates with supporters their victory over SU Agen at the Challenge Yves du Manoir, on May 24, 1970 in Colombes. Andr\u00e9 Herrero, &quot;the great one,&quot; former French national rugby union team player but above all an emblematic figure of RC Toulon, where he served as a player, coach, and president, passed away during overnight on October 24, 2025 at the age of 87, the club from the Var region announced in a statement. (Photo by AFP)\" class=\"img-fluid position-absolute w-100 object-fit-cover rounded-2\" width=\"600\" height=\"400\"\/><\/p>\n<p class=\"fs-5 \">\u00c0 l\u2019approche de son cercueil, toutes les g\u00e9n\u00e9rations de joueurs forment une haie d\u2019honneur. Ses fr\u00e8res d\u2019arme des finales 1968 et 1971, la fi\u00e8re g\u00e9n\u00e9ration de la Horde sauvage cornaqu\u00e9e par son fr\u00e8re Daniel au c\u0153ur des ann\u00e9es 1980, les minots du titre de 1992 et quelques-uns des \u00e9poques plus r\u00e9centes. Ses amis boulistes de la place Pasteur sont l\u00e0 eux aussi. Tous applaudissent le passage de leur ami et guide. Les solides Bruno Motteroz et Thierry Louvet soul\u00e8vent maintenant le cercueil avec Bernard Herrero, Christian Cauvy et les petits-fils d\u2019Andr\u00e9.<\/p>\n<p>                                                                                \u00ab On le rend au peuple \u00bb<\/p>\n<p class=\"fs-5 \">Entr\u00e9 au Hall of fame du RCT il y a deux ans, Andr\u00e9 Herrero est entr\u00e9 hier dans la cath\u00e9drale transform\u00e9e en \u00ab vestiaire pour entrer dans le stade de l\u2019\u00e9ternit\u00e9 \u00bb, comme l\u2019a joliment dit le diacre Gilles Reb\u00eache.<\/p>\n<p>            <img src=\"https:\/\/www.europesays.com\/fr\/wp-content\/uploads\/2025\/11\/cab3c3b_upload-from-url-1-9yie12raem5h-data-art-16477592.jpg\"   loading=\"lazy\" decoding=\"async\" alt=\"Andr\u00e9 Herrero (\u00e0 droite) a marqu\u00e9 de nombreuses personnalit\u00e9s varoises, comme l\u2019autre l\u00e9gende du RCT \u00c9ric Champ (ici \u00e0 gauche). Photo doc. Frank Muller \" class=\"img-fluid position-absolute w-100 object-fit-cover rounded-2\" width=\"600\" height=\"400\"\/><\/p>\n<p class=\"fs-5 \">Un comble pour ce fils d\u2019ouvrier communiste, la\u00efc patent\u00e9. Mais un choix assum\u00e9 par la famille et les joueurs pour lui offrir un \u00e9crin \u00e0 la hauteur de ce qu\u2019il a \u00e9t\u00e9. \u00ab C\u2019est un homme public qui appartient au peuple, on le rend au peuple \u00bb, glisse sa s\u0153ur Claudine avant la c\u00e9r\u00e9monie. \u00ab Qui aurait dit un jour que nous t\u2019accompagnerions vers les \u00e9toiles, ici, dans une cath\u00e9drale ?, s\u2019est interrog\u00e9 son fr\u00e8re Daniel \u00e0 la tribune. Et franchement, il y fait chaud, il y fait bon, il y fait haut. \u00bb<\/p>\n<p>                                                                                \u00ab Tu ne connaissais ni la plainte ni le renoncement \u00bb<\/p>\n<p class=\"fs-5 \">D\u2019un verbe alerte mais tenu, l\u2019homme au bandeau rouge brosse un portrait aux fronti\u00e8res de l\u2019art antique et de la g\u00e9n\u00e9alogie. \u00ab Le corps puissant, le visage sculpt\u00e9 d\u2019Apollon, tu avais une beaut\u00e9 d\u2019un autre temps. Allure grecque, racines paysannes et ouvri\u00e8res, toi tu as tout pris dans ce que \u00e7a avait de grand, de beau et de ce que \u00e7a pouvait avoir de moteur pour vivre. \u00bb<\/p>\n<p class=\"fs-5 \">Avant que le corps ne soit encens\u00e9, il se permet d\u2019encenser son a\u00een\u00e9 : \u00ab La bravoure \u00e9tait pour toi une mani\u00e8re d\u2019\u00eatre au monde, tu ne connaissais ni la plainte ni le renoncement, c\u2019\u00e9tait ta signature. On n\u2019aimait pas les pleutres dans cette famille, toi encore moins, les cupides nous irritaient, les boursoufl\u00e9s du melon, encore plus. Tu \u00e9tais bon, bonhomme, parfois un peu bourrin mais tu ne manquais jamais d\u2019\u00e9l\u00e9gance. On ne t\u2019a jamais vu m\u00e9chant et vulgaire, mais souvent rude et passionn\u00e9. \u00bb<\/p>\n<p class=\"fs-5 \">\u00c0 leur tour, ses petits enfants \u00e9voquent leurs souvenirs au cabanon de Pignans : la cueillette des champignons, les pique-niques, les b\u00e2tons que leur grand-p\u00e8re sculptait pour leur en faire des cannes, \u00ab ses plongeons dans la rivi\u00e8re quand personne n\u2019osait y aller \u00bb.<\/p>\n<p>                                                                                \u00ab Un papa \u00e0 toute \u00e9preuve \u00bb<\/p>\n<p class=\"fs-5 \">Ses filles Florence et Val\u00e9rie, tenant la main de leur maman Roseline, s\u2019amusent des repas gargantuesques, \u00ab ses mains de tortionnaire \u00bb qui esquichaient les genoux des enfants. Et saluent sa simplicit\u00e9, \u00ab une qualit\u00e9 si rare qui donnait l\u2019impression aux gens qu\u2019il \u00e9tait l\u2019un des leurs \u00bb. \u00ab Tu \u00e9tais un roc dans nos vies, une force tranquille, un papa \u00e0 toute \u00e9preuve, protecteur, courageux et fiable, un exemple pour l\u2019\u00e9ternit\u00e9. Tu avais une parole rare mais juste. Tu ne disais pas \u201cje t\u2019aime\u201d, tu le vivais. \u00bb<\/p>\n<p class=\"fs-5 \">\u00ab M\u00eame dans la maladie, en maison de repos, tu avais recr\u00e9\u00e9 un petit club. Tu rassemblais encore et toujours \u00bb, a \u00e9voqu\u00e9 Patrice Blach\u00e8re, le co-pr\u00e9sident du RCT association qui a coordonn\u00e9 la c\u00e9r\u00e9monie.<\/p>\n<p class=\"fs-5 \">Invit\u00e9 \u00e0 son tour au pupitre, l\u2019ancien maire Hubert Falco a d\u00e9livr\u00e9 un discours teint\u00e9 d\u2019\u00e9motion \u00e0 l\u2019adresse de son \u00ab grand fr\u00e8re \u00bb. \u00c0 cette \u00ab idole \u00bb qu\u2019il admirait quand il \u00e9tait lyc\u00e9en, \u00e0 cette \u00ab force de la nature qui nous entra\u00eenait avec lui \u00bb. \u00ab Le rugby perd un g\u00e9ant, Toulon une l\u00e9gende et moi un ami. Il me laisse un vide immense mais une fiert\u00e9 infinie d\u2019avoir partag\u00e9 un bout de vie avec lui. \u00bb<\/p>\n<p class=\"fs-5 \">Et de citer Jean-Pierre Rives lui faisant face : \u00ab L\u2019amiti\u00e9, c\u2019est un ballon de rugby. \u00c7a ne roule pas droit mais quand on le suit, il nous emm\u00e8ne loin. \u00bb<\/p>\n<p class=\"fs-5 \">\u00ab C\u2019\u00e9tait un immense joueur. Je l\u2019ai crois\u00e9 sur les terrains quand j\u2019\u00e9tais jeune, il \u00e9tait vraiment impressionnant. Il avait une telle aura, une telle pr\u00e9sence. On sentait qu\u2019il avait quelque chose de plus grand que nous \u00bb, nous dira quelques instants plus tard \u00ab Casque d\u2019or \u00bb, le capitaine embl\u00e9matique du XV de France \u00e0 la fin des ann\u00e9es 1970.<\/p>\n<p class=\"fs-5 \">Apr\u00e8s un vibrant hommage \u00e0 l\u2019italienne, le corps d\u2019Andr\u00e9 Herrero est ressorti de la cath\u00e9drale sous d\u2019autres applaudissements \u00e9gay\u00e9s par les notes de la Coupo santo entonn\u00e9e depuis le ch\u0153ur. Il a ensuite \u00e9t\u00e9 incin\u00e9r\u00e9 au cr\u00e9matorium de La Seyne-sur-Mer dans l\u2019intimit\u00e9 familiale.<\/p>\n<p>                                                                                \u00ab Notre ma\u00eetre \u00e0 tous \u00bb<\/p>\n<p class=\"fs-5 \">Sur le parvis, les mots en sa m\u00e9moire sont bien choisis. \u00ab Cet hommage est au niveau de ce qu\u2019il a apport\u00e9 \u00e0 Toulon : une trace ind\u00e9l\u00e9bile \u00bb, salue l\u2019ancien pilier international Manu Diaz. \u00ab Il \u00e9tait la figure tut\u00e9laire du RCT, il incarnait la passion et la rigueur et il avait un charisme fou. Le RCT ne serait pas ce qu\u2019il est aujourd\u2019hui s\u2019il n\u2019y avait pas eu Andr\u00e9 \u00bb, estime l\u2019ancien pr\u00e9sident du club, Jean-Louis Lagadec.<\/p>\n<p class=\"fs-5 \">Jo Maso (25 s\u00e9lections) qui a d\u00e9marr\u00e9 en premi\u00e8re division \u00e0 Toulon \u00e0 ses c\u00f4t\u00e9s, a la voix tremblotante : \u00ab Je suis boulevers\u00e9 car c\u2019\u00e9tait mon ami. Il veillait sur moi quand je jouais \u00e0 Toulon, il \u00e9tait immense, notre ma\u00eetre \u00e0 tous. Il avait ce que les autres n\u2019avaient pas : une force terrible. C\u2019\u00e9tait un joueur magnifique. \u00bb<\/p>\n<p class=\"fs-5 \">\u00ab Nous ne garderons pas le poids de ton d\u00e9part mais sa clart\u00e9 \u00bb, ont dit ses filles dans la solennit\u00e9 de la cath\u00e9drale. Un message universel pour tous ceux qui ont c\u00f4toy\u00e9 et admir\u00e9 ce phare de lumi\u00e8re. Ou plut\u00f4t ce Faron \u00e0 lui tout seul. Celui qui incarnait \u00e0 la perfection le surnom de \u00ab Grand \u00bb.<\/p>\n","protected":false},"excerpt":{"rendered":"Le parvis de la cath\u00e9drale de Toulon affiche complet en ce vendredi apr\u00e8s-midi. Plus de 500 personnes sont&hellip;\n","protected":false},"author":2,"featured_media":504327,"comment_status":"","ping_status":"","sticky":false,"template":"","format":"standard","meta":{"footnotes":""},"categories":[1416],"tags":[1011,27,3461,479,1468,60],"class_list":{"0":"post-504326","1":"post","2":"type-post","3":"status-publish","4":"format-standard","5":"has-post-thumbnail","7":"category-rugby","8":"tag-fr","9":"tag-france","10":"tag-rct","11":"tag-rugby","12":"tag-rugby-football","13":"tag-sports"},"share_on_mastodon":{"url":"https:\/\/pubeurope.com\/@fr\/115473946818586277","error":""},"_links":{"self":[{"href":"https:\/\/www.europesays.com\/fr\/wp-json\/wp\/v2\/posts\/504326","targetHints":{"allow":["GET"]}}],"collection":[{"href":"https:\/\/www.europesays.com\/fr\/wp-json\/wp\/v2\/posts"}],"about":[{"href":"https:\/\/www.europesays.com\/fr\/wp-json\/wp\/v2\/types\/post"}],"author":[{"embeddable":true,"href":"https:\/\/www.europesays.com\/fr\/wp-json\/wp\/v2\/users\/2"}],"replies":[{"embeddable":true,"href":"https:\/\/www.europesays.com\/fr\/wp-json\/wp\/v2\/comments?post=504326"}],"version-history":[{"count":0,"href":"https:\/\/www.europesays.com\/fr\/wp-json\/wp\/v2\/posts\/504326\/revisions"}],"wp:featuredmedia":[{"embeddable":true,"href":"https:\/\/www.europesays.com\/fr\/wp-json\/wp\/v2\/media\/504327"}],"wp:attachment":[{"href":"https:\/\/www.europesays.com\/fr\/wp-json\/wp\/v2\/media?parent=504326"}],"wp:term":[{"taxonomy":"category","embeddable":true,"href":"https:\/\/www.europesays.com\/fr\/wp-json\/wp\/v2\/categories?post=504326"},{"taxonomy":"post_tag","embeddable":true,"href":"https:\/\/www.europesays.com\/fr\/wp-json\/wp\/v2\/tags?post=504326"}],"curies":[{"name":"wp","href":"https:\/\/api.w.org\/{rel}","templated":true}]}}