{"id":504329,"date":"2025-11-01T10:26:13","date_gmt":"2025-11-01T10:26:13","guid":{"rendered":"https:\/\/www.europesays.com\/fr\/504329\/"},"modified":"2025-11-01T10:26:13","modified_gmt":"2025-11-01T10:26:13","slug":"cyclisme-transfert-la-formation-unibet-rose-rockets-ajoute-un-nouvel-etage-a-sa-fusee","status":"publish","type":"post","link":"https:\/\/www.europesays.com\/fr\/504329\/","title":{"rendered":"Cyclisme. Transfert &#8211; La formation Unibet Rose Rockets ajoute un nouvel \u00e9tage \u00e0 sa fus\u00e9e"},"content":{"rendered":"<p>L\u2019\u00e9quipe <strong><a href=\"https:\/\/www.cyclismactu.net\/..\/news-route-l-equipe-francaise-unibet-tietema-rockets-avec-un-nouveau-nom-90694.html\" target=\"_blank\" rel=\"noopener\">Unibet Rose Rockets<\/a><\/strong> a officialis\u00e9 jeudi sur son compte <strong>X <\/strong>(anciennement Twitter) la signature de <strong>Rory Townsend<\/strong>, coureur irlandais de 30 ans. Le double champion national de la course en ligne s&rsquo;est engag\u00e9 avec l&rsquo;\u00e9quipe franco-n\u00e9erlandaise jusqu&rsquo;en 2027. Le sprinteur-puncher arrive apr\u00e8s une saison 2025 particuli\u00e8rement r\u00e9ussie, marqu\u00e9e par une victoire remarqu\u00e9e sur <a href=\"https:\/\/www.cyclismactu.net\/..\/news-adac-cyclassics-route-l-exploit-de-rory-townsend-apres-un-final-fou-paul-magnier-3e-89642.html\" target=\"_blank\" rel=\"noopener\">l&rsquo;<strong>ADAC Cyclassics<\/strong><\/a> en Allemagne et un 2e titre de <strong><a href=\"https:\/\/www.cyclismactu.net\/..\/\" target=\"_blank\" rel=\"noopener\">Champion d&rsquo;Irlande<\/a><\/strong> fin juin.<\/p>\n<p>Vid\u00e9o &#8211; Townsend a lev\u00e9 les bras sur l&rsquo;ADAC Cyclassics Lire la suite de l&rsquo;article&#13;<\/p>\n<p>\u00a0<\/p>\n<p>&#13;<br \/>\nUn atout majeur dans le train de sprint&#13;<\/p>\n<p>Pass\u00e9 par la <strong>Q36.5 Pro Cycling Team<\/strong>, <strong>Townsend <\/strong>apporte \u00e0 la formation franco-n\u00e9erlandaise une solide exp\u00e9rience des courses d\u2019un jour et un sens aigu du placement dans les sprints. Ce recrutement s\u2019inscrit dans la continuit\u00e9 du projet de l\u2019\u00e9quipe, qui compte d\u00e9sormais b\u00e2tir un train de sprint autour de <strong>Dylan Groenewegen<\/strong>, prolong\u00e9 jusqu\u2019en 2027. Townsend devrait ainsi jouer un r\u00f4le cl\u00e9 dans les arriv\u00e9es massives : \u00ab\u00a0Rory repr\u00e9sente parfaitement le profil de coureur offensif et r\u00e9gulier que nous voulons mettre en avant, et il sera un atout majeur pour soutenir Dylan dans les sprints\u00a0\u00bb, a indiqu\u00e9 la direction sportive de sa d\u00e9sormais nouvelle formation.<\/p>\n","protected":false},"excerpt":{"rendered":"L\u2019\u00e9quipe Unibet Rose Rockets a officialis\u00e9 jeudi sur son compte X (anciennement Twitter) la signature de Rory Townsend,&hellip;\n","protected":false},"author":2,"featured_media":504330,"comment_status":"","ping_status":"","sticky":false,"template":"","format":"standard","meta":{"footnotes":""},"categories":[1411],"tags":[1154,207,211,1011,27,209,60,210,969,212,208,213],"class_list":{"0":"post-504329","1":"post","2":"type-post","3":"status-publish","4":"format-standard","5":"has-post-thumbnail","7":"category-cyclisme","8":"tag-cycling","9":"tag-cyclisme","10":"tag-ffc","11":"tag-fr","12":"tag-france","13":"tag-route","14":"tag-sports","15":"tag-tour-de-france","16":"tag-transfert","17":"tag-uci","18":"tag-velo","19":"tag-world-tour"},"share_on_mastodon":{"url":"https:\/\/pubeurope.com\/@fr\/115473965772468700","error":""},"_links":{"self":[{"href":"https:\/\/www.europesays.com\/fr\/wp-json\/wp\/v2\/posts\/504329","targetHints":{"allow":["GET"]}}],"collection":[{"href":"https:\/\/www.europesays.com\/fr\/wp-json\/wp\/v2\/posts"}],"about":[{"href":"https:\/\/www.europesays.com\/fr\/wp-json\/wp\/v2\/types\/post"}],"author":[{"embeddable":true,"href":"https:\/\/www.europesays.com\/fr\/wp-json\/wp\/v2\/users\/2"}],"replies":[{"embeddable":true,"href":"https:\/\/www.europesays.com\/fr\/wp-json\/wp\/v2\/comments?post=504329"}],"version-history":[{"count":0,"href":"https:\/\/www.europesays.com\/fr\/wp-json\/wp\/v2\/posts\/504329\/revisions"}],"wp:featuredmedia":[{"embeddable":true,"href":"https:\/\/www.europesays.com\/fr\/wp-json\/wp\/v2\/media\/504330"}],"wp:attachment":[{"href":"https:\/\/www.europesays.com\/fr\/wp-json\/wp\/v2\/media?parent=504329"}],"wp:term":[{"taxonomy":"category","embeddable":true,"href":"https:\/\/www.europesays.com\/fr\/wp-json\/wp\/v2\/categories?post=504329"},{"taxonomy":"post_tag","embeddable":true,"href":"https:\/\/www.europesays.com\/fr\/wp-json\/wp\/v2\/tags?post=504329"}],"curies":[{"name":"wp","href":"https:\/\/api.w.org\/{rel}","templated":true}]}}