{"id":504354,"date":"2025-11-01T10:40:13","date_gmt":"2025-11-01T10:40:13","guid":{"rendered":"https:\/\/www.europesays.com\/fr\/504354\/"},"modified":"2025-11-01T10:40:13","modified_gmt":"2025-11-01T10:40:13","slug":"ce-parc-animalier-ferme-definitivement-apres-36-ans-dexistence","status":"publish","type":"post","link":"https:\/\/www.europesays.com\/fr\/504354\/","title":{"rendered":"Ce parc animalier ferme d\u00e9finitivement apr\u00e8s 36 ans d\u2019existence"},"content":{"rendered":"<p>C\u2019est une page qui se tourne et une part de nostalgie qui s\u2019en va. Dans le <a href=\"https:\/\/www.20minutes.fr\/dossier\/maine-et-loire\" class=\"c-link c-link--is-underlined\" target=\"_blank\" rel=\"noopener\">Maine-et-Loire<\/a>, le parc de la Cou\u00e8re mettra fin \u00e0 son activit\u00e9 dimanche\u00a02 novembre, apr\u00e8s plus de 36 ann\u00e9es d\u2019existence, rapporte <a href=\"https:\/\/actu.fr\/pays-de-la-loire\/segre-en-anjou-bleu_49331\/maine-et-loire-ce-parc-ferme-definitivement-ses-portes-apres-plus-de-36-ans-dexistence_63376030.html\" target=\"_blank\" class=\"c-link c-link--is-underlined\" rel=\"noopener\">L\u2019\u00c9claireur<\/a>.<\/p>\n<p>L\u2019annonce, publi\u00e9e mardi dernier sur les r\u00e9seaux sociaux, a boulevers\u00e9 de nombreux habitu\u00e9s. Situ\u00e9 \u00e0 Ch\u00e2telais, pr\u00e8s de Segr\u00e9-en-Anjou, le site s\u2019\u00e9tend sur plus de 30 hectares o\u00f9 cohabitent diff\u00e9rents animaux en semi-libert\u00e9, au sein de reconstitutions d\u2019un <a href=\"https:\/\/www.20minutes.fr\/dossier\/village\" class=\"c-link c-link--is-underlined\" target=\"_blank\" rel=\"noopener\">village<\/a> des ann\u00e9es\u00a01900.<\/p>\n<p>Cr\u00e9\u00e9 par Jo\u00ebl Nardin, le parc avait pour vocation de \u00ab\u00a0faire voyager plusieurs <a href=\"https:\/\/www.20minutes.fr\/economie\/4180666-20251027-manger-seul-collegues-pause-dejeuner-guerre-generations-fait-rage\" class=\"c-link c-link--is-underlined\" target=\"_blank\" rel=\"noopener\">g\u00e9n\u00e9rations<\/a> dans l\u2019univers des ann\u00e9es pass\u00e9es, entre nostalgie et \u00e9merveillement. Tant de souvenirs, tant de moments pr\u00e9cieux partag\u00e9s en famille et entre amis\u00a0\u00bb, ont confi\u00e9 les g\u00e9rants sur Facebook.<\/p>\n<p class=\"mb-xxl@xs color-ultramarine font-weight-semi-bold@xs font-source-serif-pro heading-s@xs\">L\u2019acc\u00e8s \u00e0 ce contenu a \u00e9t\u00e9 bloqu\u00e9 afin de respecter votre choix de consentement<\/p>\n<p class=\"mb-m@xs text-l@xs\">En cliquant sur\u00ab J\u2019accepte \u00bb, vous acceptez le d\u00e9p\u00f4t de cookies par des services externes et aurez ainsi acc\u00e8s aux contenus de nos partenaires.<\/p>\n<p class=\"mb-xl@xs text-s@xs\">Plus d\u2019informations sur la page<a href=\"https:\/\/www.20minutes.fr\/gestion-cookies\" class=\"mx-xxs@xs color-ultramarine\" target=\"_blank\" rel=\"noopener\">Politique de gestion des cookies<\/a><\/p>\n<p>J\u2019accepteDes visiteurs attrist\u00e9s par la nouvelle<\/p>\n<p>Depuis cette annonce, les messages d\u2019attachement affluent. \u00ab\u00a0Gr\u00e2ce \u00e0 la <a href=\"https:\/\/parcdelacouere.fr\" target=\"_blank\" class=\"c-link c-link--is-underlined\" rel=\"noopener\">Petite Cou\u00e8re<\/a>, durant toutes ces ann\u00e9es, le public a pu d\u00e9couvrir et conna\u00eetre le pass\u00e9 local \u00e0 travers des collections exceptionnelles, ainsi que d\u2019approcher d\u2019innombrables <a href=\"https:\/\/www.20minutes.fr\/monde\/4182850-20251031-inde-passager-arrete-bombay-deux-petits-singes-valise\" class=\"c-link c-link--is-underlined\" target=\"_blank\" rel=\"noopener\">animaux<\/a>\u00a0\u00bb, \u00e9crit un visiteur \u00e9mu.<\/p>\n<\/p>\n<p>Si les raisons de la fermeture n\u2019ont pas \u00e9t\u00e9 pr\u00e9cis\u00e9es, les curieux et les fid\u00e8les ont encore la possibilit\u00e9 de profiter une derni\u00e8re fois du site jusqu\u2019\u00e0 dimanche. Une ultime promenade avant que le silence ne retombe sur ce lieu charg\u00e9 de souvenirs.<\/p>\n","protected":false},"excerpt":{"rendered":"C\u2019est une page qui se tourne et une part de nostalgie qui s\u2019en va. Dans le Maine-et-Loire, le&hellip;\n","protected":false},"author":2,"featured_media":504355,"comment_status":"","ping_status":"","sticky":false,"template":"","format":"standard","meta":{"footnotes":""},"categories":[4],"tags":[47,11,1867,118,1011,27,1393,13291,12,2636,25,104],"class_list":{"0":"post-504354","1":"post","2":"type-post","3":"status-publish","4":"format-standard","5":"has-post-thumbnail","7":"category-france","8":"tag-actualite","9":"tag-actualites","10":"tag-animaux","11":"tag-faits-divers","12":"tag-fr","13":"tag-france","14":"tag-loisirs","15":"tag-maine-et-loire","16":"tag-news","17":"tag-pays-de-la-loire","18":"tag-republique-francaise","19":"tag-societe"},"share_on_mastodon":{"url":"https:\/\/pubeurope.com\/@fr\/115474020895183368","error":""},"_links":{"self":[{"href":"https:\/\/www.europesays.com\/fr\/wp-json\/wp\/v2\/posts\/504354","targetHints":{"allow":["GET"]}}],"collection":[{"href":"https:\/\/www.europesays.com\/fr\/wp-json\/wp\/v2\/posts"}],"about":[{"href":"https:\/\/www.europesays.com\/fr\/wp-json\/wp\/v2\/types\/post"}],"author":[{"embeddable":true,"href":"https:\/\/www.europesays.com\/fr\/wp-json\/wp\/v2\/users\/2"}],"replies":[{"embeddable":true,"href":"https:\/\/www.europesays.com\/fr\/wp-json\/wp\/v2\/comments?post=504354"}],"version-history":[{"count":0,"href":"https:\/\/www.europesays.com\/fr\/wp-json\/wp\/v2\/posts\/504354\/revisions"}],"wp:featuredmedia":[{"embeddable":true,"href":"https:\/\/www.europesays.com\/fr\/wp-json\/wp\/v2\/media\/504355"}],"wp:attachment":[{"href":"https:\/\/www.europesays.com\/fr\/wp-json\/wp\/v2\/media?parent=504354"}],"wp:term":[{"taxonomy":"category","embeddable":true,"href":"https:\/\/www.europesays.com\/fr\/wp-json\/wp\/v2\/categories?post=504354"},{"taxonomy":"post_tag","embeddable":true,"href":"https:\/\/www.europesays.com\/fr\/wp-json\/wp\/v2\/tags?post=504354"}],"curies":[{"name":"wp","href":"https:\/\/api.w.org\/{rel}","templated":true}]}}