{"id":504364,"date":"2025-11-01T10:46:18","date_gmt":"2025-11-01T10:46:18","guid":{"rendered":"https:\/\/www.europesays.com\/fr\/504364\/"},"modified":"2025-11-01T10:46:18","modified_gmt":"2025-11-01T10:46:18","slug":"le-mans-fc-poursuit-sa-serie-dinvincibilite-face-a-nancy-angers-info","status":"publish","type":"post","link":"https:\/\/www.europesays.com\/fr\/504364\/","title":{"rendered":"Le Mans FC poursuit sa s\u00e9rie d\u2019invincibilit\u00e9 face \u00e0 Nancy \u2013 Angers Info"},"content":{"rendered":"<p><img fetchpriority=\"high\" decoding=\"async\" width=\"800\" height=\"533\" src=\"https:\/\/www.europesays.com\/fr\/wp-content\/uploads\/2025\/09\/the-ball-stadion-football-the-pitch-39362.jpeg\" alt=\"\" class=\"wp-image-88220\"  \/><br \/>Le Mans FC encha\u00eene un septi\u00e8me match sans d\u00e9faite en s\u2019imposant 1-0 face \u00e0 Nancy, gr\u00e2ce \u00e0 un nouveau but de William Harhouz, et se hisse \u00e0 la sixi\u00e8me place de Ligue 2<\/p>\n<p><strong>Le Mans FC confirme sa forme \u00e9tincelante en Ligue 2. Invaincus depuis sept rencontres, les joueurs de Patrick Videira ont sign\u00e9 une nouvelle victoire ce week-end au stade Marie-Marvingt face \u00e0 Nancy (1-0). Ce succ\u00e8s, obtenu dans un match ferm\u00e9, propulse les Manceaux \u00e0 la sixi\u00e8me place du classement.<\/strong><\/p>\n<p><strong>Une dynamique impressionnante<\/strong><\/p>\n<p>Promu en Ligue 2 cette saison, Le Mans FC s\u2019impose peu \u00e0 peu comme l\u2019une des r\u00e9v\u00e9lations du championnat. Avec d\u00e9sormais sept matchs cons\u00e9cutifs sans d\u00e9faite, le club sarthois se replace dans la course aux barrages d\u2019accession. Cette victoire face \u00e0 l\u2019AS Nancy Lorraine, adversaire historique, permet aussi aux Mucistes de prendre leur revanche sur leur \u201cb\u00eate noire\u201d.<br \/>Les Manceaux ne comptent plus qu\u2019un point de retard sur la cinqui\u00e8me place occup\u00e9e par Pau, et trois sur Saint-\u00c9tienne, actuel dauphin du championnat.<\/p>\n<p><strong>Harhouz encore d\u00e9cisif<\/strong><\/p>\n<p>La rencontre s\u2019est longtemps r\u00e9sum\u00e9e \u00e0 une bataille tactique au milieu du terrain, marqu\u00e9e par de nombreuses fautes et impr\u00e9cisions. Il aura fallu attendre une acc\u00e9l\u00e9ration bien men\u00e9e par Erwan Colas pour d\u00e9bloquer la situation. Sur un centre pr\u00e9cis au second poteau, William Harhouz surgit et tacle le ballon au fond des filets. L\u2019avant-centre franco-alg\u00e9rien signe ainsi son quatri\u00e8me but de la saison, confirmant son r\u00f4le essentiel dans l\u2019attaque mancelle.<\/p>\n<p><strong>Une d\u00e9fense intraitable jusqu\u2019au bout<\/strong><\/p>\n<p>Apr\u00e8s cette ouverture du score, Le Mans choisit de resserrer les lignes et de miser sur les contres. Si les occasions mancelles se font rares, la solidit\u00e9 d\u00e9fensive fait la diff\u00e9rence. Nancy, en manque d\u2019inspiration offensive, ne parvient \u00e0 se montrer dangereux qu\u2019\u00e0 la 63e minute sur un contre de Ouotro, repouss\u00e9 brillamment par le gardien Kocik.<br \/>Solides, appliqu\u00e9s et efficaces, les hommes de Patrick Videira r\u00e9alisent une nouvelle performance compl\u00e8te.<\/p>\n<p><strong>Cap sur le choc face au Red Star<\/strong><\/p>\n<p>Gr\u00e2ce \u00e0 cette victoire, Le Mans FC aborde dans les meilleures dispositions son prochain rendez-vous : un d\u00e9placement attendu sur la pelouse du Red Star, actuel troisi\u00e8me de Ligue 2. Un test grandeur nature pour confirmer les ambitions grandissantes du club sarthois.<\/p>\n","protected":false},"excerpt":{"rendered":"Le Mans FC encha\u00eene un septi\u00e8me match sans d\u00e9faite en s\u2019imposant 1-0 face \u00e0 Nancy, gr\u00e2ce \u00e0 un&hellip;\n","protected":false},"author":2,"featured_media":414106,"comment_status":"","ping_status":"","sticky":false,"template":"","format":"standard","meta":{"footnotes":""},"categories":[9635],"tags":[1111,11,1777,674,63,1011,27,775,40797,1702,12,25,25849],"class_list":{"0":"post-504364","1":"post","2":"type-post","3":"status-publish","4":"format-standard","5":"has-post-thumbnail","7":"category-nancy","8":"tag-actu","9":"tag-actualites","10":"tag-eu","11":"tag-europe","12":"tag-football","13":"tag-fr","14":"tag-france","15":"tag-grand-est","16":"tag-le-mans-fc","17":"tag-nancy","18":"tag-news","19":"tag-republique-francaise","20":"tag-sarthe"},"share_on_mastodon":{"url":"https:\/\/pubeurope.com\/@fr\/115474044992885732","error":""},"_links":{"self":[{"href":"https:\/\/www.europesays.com\/fr\/wp-json\/wp\/v2\/posts\/504364","targetHints":{"allow":["GET"]}}],"collection":[{"href":"https:\/\/www.europesays.com\/fr\/wp-json\/wp\/v2\/posts"}],"about":[{"href":"https:\/\/www.europesays.com\/fr\/wp-json\/wp\/v2\/types\/post"}],"author":[{"embeddable":true,"href":"https:\/\/www.europesays.com\/fr\/wp-json\/wp\/v2\/users\/2"}],"replies":[{"embeddable":true,"href":"https:\/\/www.europesays.com\/fr\/wp-json\/wp\/v2\/comments?post=504364"}],"version-history":[{"count":0,"href":"https:\/\/www.europesays.com\/fr\/wp-json\/wp\/v2\/posts\/504364\/revisions"}],"wp:featuredmedia":[{"embeddable":true,"href":"https:\/\/www.europesays.com\/fr\/wp-json\/wp\/v2\/media\/414106"}],"wp:attachment":[{"href":"https:\/\/www.europesays.com\/fr\/wp-json\/wp\/v2\/media?parent=504364"}],"wp:term":[{"taxonomy":"category","embeddable":true,"href":"https:\/\/www.europesays.com\/fr\/wp-json\/wp\/v2\/categories?post=504364"},{"taxonomy":"post_tag","embeddable":true,"href":"https:\/\/www.europesays.com\/fr\/wp-json\/wp\/v2\/tags?post=504364"}],"curies":[{"name":"wp","href":"https:\/\/api.w.org\/{rel}","templated":true}]}}