{"id":504370,"date":"2025-11-01T10:53:14","date_gmt":"2025-11-01T10:53:14","guid":{"rendered":"https:\/\/www.europesays.com\/fr\/504370\/"},"modified":"2025-11-01T10:53:14","modified_gmt":"2025-11-01T10:53:14","slug":"plusieurs-interpellations-apres-des-violences-urbaines","status":"publish","type":"post","link":"https:\/\/www.europesays.com\/fr\/504370\/","title":{"rendered":"plusieurs interpellations apr\u00e8s des violences urbaines"},"content":{"rendered":"<p>\t\t\t\t\t\t\t\t\t\t\t<img loading=\"lazy\" decoding=\"async\" width=\"1280\" title=\"Nuit d'Halloween \u00e0 Grenoble : plusieurs interpellations apr\u00e8s des violences urbaines\" class=\"img-fluid  mb-3\" src=\"https:\/\/grandgrenoble.alpes1.com\/media\/news\/nuit-d-halloween-a-grenoble-plusieurs-interpellations-apres-des-violences-urbaines_6905dcfb01bae.webp\" alt=\"Nuit d'Halloween \u00e0 Grenoble : plusieurs interpellations apr\u00e8s des violences urbaines\" itemprop=\"image\" height=\"720\"\/>\t\t\t\t\t\t\t\t\t\t\t\t<\/p>\n<p>Nuit d&rsquo;Halloween \u00e0 Grenoble : plusieurs interpellations apr\u00e8s des violences urbaines &#8211; DR<\/p>\n<p>La nuit d&rsquo;Halloween a \u00e9t\u00e9 mouvement\u00e9e pour les forces de l&rsquo;ordre et les pompiers dans l&rsquo;agglom\u00e9ration grenobloise face aux violences urbaines commises par des groupes de jeunes individus.<\/p>\n<p>Plusieurs interventions ont eu lieu, notamment \u00e0 Saint-Martin-d&rsquo;H\u00e8res, Grenoble et Echirolles.<\/p>\n<p>Au total, huit interpellations ont \u00e9t\u00e9 r\u00e9alis\u00e9es selon le Dauphin\u00e9 Lib\u00e9r\u00e9, et une dizaine de v\u00e9hicules ont br\u00fbl\u00e9 dans tout le d\u00e9partement de l&rsquo;Is\u00e8re.<\/p>\n<p>La pr\u00e9fecture avait pourtant pris un arr\u00eat\u00e9 pour tenter d&rsquo;endiguer au maximum ce ph\u00e9nom\u00e8ne qui devient r\u00e9current chaque 31 octobre.<\/p>\n<blockquote class=\"twitter-tweet\"><p>&#13;<\/p>\n<p dir=\"ltr\" lang=\"fr\"><a href=\"https:\/\/twitter.com\/hashtag\/Halloween?src=hash&amp;ref_src=twsrc%5Etfw\" rel=\"nofollow noopener\" target=\"_blank\">#Halloween<\/a> \ud83c\udf83| Pour des festivit\u00e9s en s\u00e9curit\u00e9, sont interdits du vendredi 31 octobre 2025 \u00e0 18h et jusqu\u2019au samedi 1er novembre 2025 \u00e0 8h : <\/p>\n<p>\ud83c\udf86 les feux d&rsquo;artifices, fumig\u00e8nes &amp; p\u00e9tards <br \/>\ud83d\udd25 le transport de combustibles corrosifs, carburants \u00e0 emporter &amp; gaz inflammables <br \/>\ud83c\udf78 la\u2026 <a href=\"https:\/\/t.co\/RjQqUYugoT\" rel=\"nofollow\">pic.twitter.com\/RjQqUYugoT<\/a><\/p>\n<p>&#13;<br \/>\n\u2014 Pr\u00e9f\u00e8te de l&rsquo;Is\u00e8re \ud83c\udde8\ud83c\uddf5\ud83c\uddea\ud83c\uddfa (@Prefet38) <a href=\"https:\/\/twitter.com\/Prefet38\/status\/1983957074645283080?ref_src=twsrc%5Etfw\" rel=\"nofollow noopener\" target=\"_blank\">October 30, 2025<\/a><\/p><\/blockquote>\n<p>\t\t\t\t\t\t\t\t\t\t\t\t\t\t\t\t\t\t\t<script async src=\"https:\/\/platform.twitter.com\/widgets.js\" charset=\"utf-8\"><\/script><\/p>\n","protected":false},"excerpt":{"rendered":"Nuit d&rsquo;Halloween \u00e0 Grenoble : plusieurs interpellations apr\u00e8s des violences urbaines &#8211; DR La nuit d&rsquo;Halloween a \u00e9t\u00e9&hellip;\n","protected":false},"author":2,"featured_media":504371,"comment_status":"","ping_status":"","sticky":false,"template":"","format":"standard","meta":{"footnotes":""},"categories":[9566],"tags":[1111,11,7733,8279,2430,7736,650,7734,2889,2263,1777,674,1011,27,2731,8280,6417,1114,108,4662,12,3725,1825,25,7737],"class_list":{"0":"post-504370","1":"post","2":"type-post","3":"status-publish","4":"format-standard","5":"has-post-thumbnail","7":"category-grenoble","8":"tag-actu","9":"tag-actualites","10":"tag-alpes","11":"tag-alpes1","12":"tag-auvergne-rhone-alpes","13":"tag-cds","14":"tag-cinema","15":"tag-ecoute","16":"tag-emission","17":"tag-equipe","18":"tag-eu","19":"tag-europe","20":"tag-fr","21":"tag-france","22":"tag-grenoble","23":"tag-haute","24":"tag-information","25":"tag-infos","26":"tag-isere","27":"tag-journal","28":"tag-news","29":"tag-podcast","30":"tag-radio","31":"tag-republique-francaise","32":"tag-winamp"},"share_on_mastodon":{"url":"https:\/\/pubeurope.com\/@fr\/115474072483022140","error":""},"_links":{"self":[{"href":"https:\/\/www.europesays.com\/fr\/wp-json\/wp\/v2\/posts\/504370","targetHints":{"allow":["GET"]}}],"collection":[{"href":"https:\/\/www.europesays.com\/fr\/wp-json\/wp\/v2\/posts"}],"about":[{"href":"https:\/\/www.europesays.com\/fr\/wp-json\/wp\/v2\/types\/post"}],"author":[{"embeddable":true,"href":"https:\/\/www.europesays.com\/fr\/wp-json\/wp\/v2\/users\/2"}],"replies":[{"embeddable":true,"href":"https:\/\/www.europesays.com\/fr\/wp-json\/wp\/v2\/comments?post=504370"}],"version-history":[{"count":0,"href":"https:\/\/www.europesays.com\/fr\/wp-json\/wp\/v2\/posts\/504370\/revisions"}],"wp:featuredmedia":[{"embeddable":true,"href":"https:\/\/www.europesays.com\/fr\/wp-json\/wp\/v2\/media\/504371"}],"wp:attachment":[{"href":"https:\/\/www.europesays.com\/fr\/wp-json\/wp\/v2\/media?parent=504370"}],"wp:term":[{"taxonomy":"category","embeddable":true,"href":"https:\/\/www.europesays.com\/fr\/wp-json\/wp\/v2\/categories?post=504370"},{"taxonomy":"post_tag","embeddable":true,"href":"https:\/\/www.europesays.com\/fr\/wp-json\/wp\/v2\/tags?post=504370"}],"curies":[{"name":"wp","href":"https:\/\/api.w.org\/{rel}","templated":true}]}}