{"id":50438,"date":"2025-04-25T00:11:11","date_gmt":"2025-04-25T00:11:11","guid":{"rendered":"https:\/\/www.europesays.com\/fr\/50438\/"},"modified":"2025-04-25T00:11:11","modified_gmt":"2025-04-25T00:11:11","slug":"des-casquettes-trump-2028-mises-en-vente-sur-la-boutique-en-ligne-de-donald-trump-2","status":"publish","type":"post","link":"https:\/\/www.europesays.com\/fr\/50438\/","title":{"rendered":"Des casquettes \u00ab Trump 2028 \u00bb mises en vente sur la boutique en ligne de Donald Trump"},"content":{"rendered":"<p><strong>Provocation &#8211; Trump vend des casquettes \u00ab\u00a0Trump 2028\u00a0\u00bb malgr\u00e9 l\u2019interdiction de faire un troisi\u00e8me mandat. Il \u00e9voque des strat\u00e9gies pour contourner la Constitution, soutenu par une partie de sa base MAGA<\/strong><\/p>\n<p>La campagne pour\u00a02028 semble d\u00e9j\u00e0 lanc\u00e9e\u2026 du moins dans les rayons de la <a href=\"https:\/\/www.trumpstore.com\/product\/trump-2028-hat\/?at_medium=RSS+feed&amp;at_campaign=ynews&amp;utm_source=yahoo&amp;utm_medium=rss&amp;utm_campaign=news_feed&amp;utm_content=in_article_link\" rel=\"nofollow noopener\" target=\"_blank\" data-ylk=\"slk:boutique officielle de Donald Trump;elm:context_link;itc:0;sec:content-canvas\" class=\"link \">boutique officielle de Donald Trump<\/a>. Alors que le 22e amendement de la Constitution am\u00e9ricaine interdit formellement \u00e0 un pr\u00e9sident d\u2019\u00eatre \u00e9lu plus de deux fois, <a href=\"https:\/\/www.20minutes.fr\/dossier\/donald_trump?at_medium=RSS+feed&amp;at_campaign=ynews&amp;utm_source=yahoo&amp;utm_medium=rss&amp;utm_campaign=news_feed&amp;utm_content=in_article_link\" rel=\"nofollow noopener\" target=\"_blank\" data-ylk=\"slk:Donald Trump;elm:context_link;itc:0;sec:content-canvas\" class=\"link \">Donald Trump<\/a>, actuellement dans son second mandat, commercialise d\u00e9sormais des casquettes rouges floqu\u00e9es \u00ab\u00a0Trump 2028\u00a0\u00bb pour 50 dollars, comme l\u2019indique <a href=\"https:\/\/www.newsweek.com\/trump-store-now-selling-trump-2028-hats-2063775?at_medium=RSS+feed&amp;at_campaign=ynews&amp;utm_source=yahoo&amp;utm_medium=rss&amp;utm_campaign=news_feed&amp;utm_content=in_article_link\" rel=\"nofollow noopener\" target=\"_blank\" data-ylk=\"slk:Newsweek;elm:context_link;itc:0;sec:content-canvas\" class=\"link \">Newsweek<\/a>.<\/p>\n<p>Une photo diffus\u00e9e sur l\u2019un des comptes X du pr\u00e9sident montre son fils Eric portant fi\u00e8rement cet accessoire, qui suscite autant de ventes que de d\u00e9bats. A 78 ans, Donald Trump semble d\u00e9termin\u00e9 \u00e0 faire fi des limites l\u00e9gales. \u00ab\u00a0Il y a des m\u00e9thodes pour faire \u00e7a\u00a0\u00bb, a-t-il affirm\u00e9 en mars \u00e0 <a href=\"https:\/\/www.20minutes.fr\/dossier\/nbc?at_medium=RSS+feed&amp;at_campaign=ynews&amp;utm_source=yahoo&amp;utm_medium=rss&amp;utm_campaign=news_feed&amp;utm_content=in_article_link\" rel=\"nofollow noopener\" target=\"_blank\" data-ylk=\"slk:NBC;elm:context_link;itc:0;sec:content-canvas\" class=\"link \">NBC<\/a>, pr\u00e9cisant qu\u2019il n\u2019\u00e9tait \u00ab\u00a0pas en train de plaisanter\u00a0\u00bb \u00e0 propos d\u2019un troisi\u00e8me mandat. Parmi les sc\u00e9narios \u00e9voqu\u00e9s\u00a0: un ticket pr\u00e9sidentiel men\u00e9 par <a href=\"https:\/\/www.20minutes.fr\/monde\/vance\/?at_medium=RSS+feed&amp;at_campaign=ynews&amp;utm_source=yahoo&amp;utm_medium=rss&amp;utm_campaign=news_feed&amp;utm_content=in_article_link\" rel=\"nofollow noopener\" target=\"_blank\" data-ylk=\"slk:J.D. Vance;elm:context_link;itc:0;sec:content-canvas\" class=\"link \">J.D. Vance<\/a> en\u00a02028 avec Donald Trump comme colistier, puis une d\u00e9mission strat\u00e9gique de J.D. Vance une fois \u00e9lu.<\/p>\n<p>Des ambitions vou\u00e9es \u00e0 l\u2019\u00e9chec<\/p>\n<p>Un plan qui semble pourtant vou\u00e9 \u00e0 l\u2019\u00e9chec au regard du <a href=\"https:\/\/www.20minutes.fr\/dossier\/constitution?at_medium=RSS+feed&amp;at_campaign=ynews&amp;utm_source=yahoo&amp;utm_medium=rss&amp;utm_campaign=news_feed&amp;utm_content=in_article_link\" rel=\"nofollow noopener\" target=\"_blank\" data-ylk=\"slk:12e amendement;elm:context_link;itc:0;sec:content-canvas\" class=\"link \">12e amendement<\/a>, qui interdit \u00e0 toute personne in\u00e9ligible \u00e0 la pr\u00e9sidence de devenir vice-pr\u00e9sident. Cela n\u2019emp\u00eache pas Steve Bannon d\u2019annoncer qu\u2019une \u00ab\u00a0\u00e9quipe travaille sur un contournement du 22e amendement\u00a0\u00bb, sans en d\u00e9voiler les d\u00e9tails. Il sugg\u00e8re que l\u2019alternance entre les deux mandats de Donald Trump pourrait offrir une faille juridique.<\/p>\n<p>Selon Newsweek, pr\u00e8s de la moiti\u00e9 des r\u00e9publicains s\u2019identifiant au mouvement MAGA (Make America Great Again)(&#8230;)<\/p>\n<p><a href=\"https:\/\/www.20minutes.fr\/monde\/4150275-20250424-etats-unis-casquettes-trump-2028-mises-vente-boutique-ligne-donald-trump?at_medium=RSS+feed&amp;at_campaign=ynews&amp;utm_source=yahoo&amp;utm_medium=rss&amp;utm_campaign=news_feed&amp;utm_content=read_more_link&quot;\" rel=\"nofollow noopener\" target=\"_blank\" data-ylk=\"slk:Lire la suite sur 20minutes;elm:context_link;itc:0;sec:content-canvas\" class=\"link \">Lire la suite sur 20minutes<\/a><\/p>\n<p>\u00c0 lire aussi :<br \/><a href=\"https:\/\/www.20minutes.fr\/monde\/etats-unis\/4146332-20250401-etats-unis-donald-trump-continue-envisager-troisieme-mandat-si-interdit?at_medium=RSS+feed&amp;at_campaign=ynews&amp;utm_source=yahoo&amp;utm_medium=rss&amp;utm_campaign=news_feed&amp;utm_content=related_content_link\" rel=\"nofollow noopener\" target=\"_blank\" data-ylk=\"slk:Etats-Unis\u00a0: Donald Trump continue d\u2019envisager un troisi\u00e8me mandat, m\u00eame si c\u2019est interdit;elm:context_link;itc:0;sec:content-canvas\" class=\"link \">Etats-Unis\u00a0: Donald Trump continue d\u2019envisager un troisi\u00e8me mandat, m\u00eame si c\u2019est interdit<\/a><br \/><a href=\"https:\/\/www.20minutes.fr\/monde\/etats-unis\/4146078-20250330-etats-unis-trump-assure-blague-possibilite-briguer-troisieme-mandat?at_medium=RSS+feed&amp;at_campaign=ynews&amp;utm_source=yahoo&amp;utm_medium=rss&amp;utm_campaign=news_feed&amp;utm_content=related_content_link\" rel=\"nofollow noopener\" target=\"_blank\" data-ylk=\"slk:Etats-Unis\u00a0: Donald Trump assure qu\u2019il ne \u00ab\u00a0blague pas\u00a0\u00bb sur la possibilit\u00e9 de briguer un troisi\u00e8me mandat;elm:context_link;itc:0;sec:content-canvas\" class=\"link \">Etats-Unis\u00a0: Donald Trump assure qu\u2019il ne \u00ab\u00a0blague pas\u00a0\u00bb sur la possibilit\u00e9 de briguer un troisi\u00e8me mandat<\/a><\/p>\n","protected":false},"excerpt":{"rendered":"Provocation &#8211; Trump vend des casquettes \u00ab\u00a0Trump 2028\u00a0\u00bb malgr\u00e9 l\u2019interdiction de faire un troisi\u00e8me mandat. Il \u00e9voque des&hellip;\n","protected":false},"author":2,"featured_media":50439,"comment_status":"","ping_status":"","sticky":false,"template":"","format":"standard","meta":{"footnotes":""},"categories":[1589],"tags":[11,14305,73,1866,12,467,1864,1865,1863,308],"class_list":{"0":"post-50438","1":"post","2":"type-post","3":"status-publish","4":"format-standard","5":"has-post-thumbnail","7":"category-etats-unis","8":"tag-actualites","9":"tag-amendement-de-la-constitution","10":"tag-etats-unis","11":"tag-etats-unis-damerique","12":"tag-news","13":"tag-trump","14":"tag-united-states","15":"tag-united-states-of-america","16":"tag-us","17":"tag-usa"},"share_on_mastodon":{"url":"https:\/\/pubeurope.com\/@fr\/114395708403401181","error":""},"_links":{"self":[{"href":"https:\/\/www.europesays.com\/fr\/wp-json\/wp\/v2\/posts\/50438","targetHints":{"allow":["GET"]}}],"collection":[{"href":"https:\/\/www.europesays.com\/fr\/wp-json\/wp\/v2\/posts"}],"about":[{"href":"https:\/\/www.europesays.com\/fr\/wp-json\/wp\/v2\/types\/post"}],"author":[{"embeddable":true,"href":"https:\/\/www.europesays.com\/fr\/wp-json\/wp\/v2\/users\/2"}],"replies":[{"embeddable":true,"href":"https:\/\/www.europesays.com\/fr\/wp-json\/wp\/v2\/comments?post=50438"}],"version-history":[{"count":0,"href":"https:\/\/www.europesays.com\/fr\/wp-json\/wp\/v2\/posts\/50438\/revisions"}],"wp:featuredmedia":[{"embeddable":true,"href":"https:\/\/www.europesays.com\/fr\/wp-json\/wp\/v2\/media\/50439"}],"wp:attachment":[{"href":"https:\/\/www.europesays.com\/fr\/wp-json\/wp\/v2\/media?parent=50438"}],"wp:term":[{"taxonomy":"category","embeddable":true,"href":"https:\/\/www.europesays.com\/fr\/wp-json\/wp\/v2\/categories?post=50438"},{"taxonomy":"post_tag","embeddable":true,"href":"https:\/\/www.europesays.com\/fr\/wp-json\/wp\/v2\/tags?post=50438"}],"curies":[{"name":"wp","href":"https:\/\/api.w.org\/{rel}","templated":true}]}}