{"id":504386,"date":"2025-11-01T11:02:16","date_gmt":"2025-11-01T11:02:16","guid":{"rendered":"https:\/\/www.europesays.com\/fr\/504386\/"},"modified":"2025-11-01T11:02:16","modified_gmt":"2025-11-01T11:02:16","slug":"un-jeune-de-19-ans-est-mort","status":"publish","type":"post","link":"https:\/\/www.europesays.com\/fr\/504386\/","title":{"rendered":"un jeune de 19 ans est mort"},"content":{"rendered":"<p>            Par<br \/>\n        <strong><br \/>\n            <a href=\"https:\/\/actu.fr\/auteur\/journaliste-er\" title=\"Consulter tous les articles de R\u00e9daction Ch\u00e2teaubriant\" target=\"_blank\" rel=\"noopener\">R\u00e9daction Ch\u00e2teaubriant<\/a><br \/>\n        <\/strong><\/p>\n<p>        Publi\u00e9 le<\/p>\n<p>            1 nov. 2025 \u00e0 10h59        <\/p>\n<p>Ce<b> samedi 1er\u00a0novembre 2025<\/b>, vers 7\u2009h\u200920, un pi\u00e9ton \u00e2g\u00e9 de 19\u00a0ans est mort, percut\u00e9 par une voiture, alors qu\u2019il se trouvait sur la Route nationale (RN 137), entre Nantes (Loire-Atlantique) et Rennes (Ille-et-Vilaine), \u00e0 <b>hauteur du Grand-Fougeray (Ille-et-Vilaine).<\/b><\/p>\n<p>Accident entre Nantes et Rennes\u2009: un jeune de 19\u00a0ans est mort<\/p>\n<p class=\" wall-content\">Le conducteur du v\u00e9hicule en cause est l\u00e9g\u00e8rement bless\u00e9. Il a \u00e9t\u00e9 transport\u00e9 \u00e0 l\u2019h\u00f4pital. <b>Quinze sapeurs-pompiers<\/b> venus de l\u2019Ille-et-Vilaine et de la Loire-Atlantique ont \u00e9t\u00e9 engag\u00e9s pour cet accident.<\/p>\n<p class=\" wall-content\">Personnalisez votre actualit\u00e9 en ajoutant vos villes et m\u00e9dias en favori avec <a href=\"https:\/\/moncompte.actu.fr\" title=\"D\u00e9couvez Mon Actu\" rel=\"nofollow noopener\" data-trk=\"{&quot;cta&quot;:{&quot;action&quot;:&quot;https:\\\/\\\/moncompte.actu.fr&quot;,&quot;category&quot;:&quot;mon compte&quot;,&quot;from&quot;:&quot;article footer&quot;,&quot;name&quot;:&quot;Mon actu&quot;,&quot;type&quot;:&quot;cta&quot;}}\" target=\"_blank\">Mon Actu<\/a>.<\/p>\n","protected":false},"excerpt":{"rendered":"Par R\u00e9daction Ch\u00e2teaubriant Publi\u00e9 le 1 nov. 2025 \u00e0 10h59 Ce samedi 1er\u00a0novembre 2025, vers 7\u2009h\u200920, un pi\u00e9ton&hellip;\n","protected":false},"author":2,"featured_media":504387,"comment_status":"","ping_status":"","sticky":false,"template":"","format":"standard","meta":{"footnotes":""},"categories":[2818],"tags":[119,1111,11,1777,674,118,1011,27,3381,766,12,2636,1311,25],"class_list":{"0":"post-504386","1":"post","2":"type-post","3":"status-publish","4":"format-standard","5":"has-post-thumbnail","7":"category-nantes","8":"tag-accident","9":"tag-actu","10":"tag-actualites","11":"tag-eu","12":"tag-europe","13":"tag-faits-divers","14":"tag-fr","15":"tag-france","16":"tag-gendarmerie","17":"tag-nantes","18":"tag-news","19":"tag-pays-de-la-loire","20":"tag-pompiers","21":"tag-republique-francaise"},"share_on_mastodon":{"url":"https:\/\/pubeurope.com\/@fr\/115474107204550740","error":""},"_links":{"self":[{"href":"https:\/\/www.europesays.com\/fr\/wp-json\/wp\/v2\/posts\/504386","targetHints":{"allow":["GET"]}}],"collection":[{"href":"https:\/\/www.europesays.com\/fr\/wp-json\/wp\/v2\/posts"}],"about":[{"href":"https:\/\/www.europesays.com\/fr\/wp-json\/wp\/v2\/types\/post"}],"author":[{"embeddable":true,"href":"https:\/\/www.europesays.com\/fr\/wp-json\/wp\/v2\/users\/2"}],"replies":[{"embeddable":true,"href":"https:\/\/www.europesays.com\/fr\/wp-json\/wp\/v2\/comments?post=504386"}],"version-history":[{"count":0,"href":"https:\/\/www.europesays.com\/fr\/wp-json\/wp\/v2\/posts\/504386\/revisions"}],"wp:featuredmedia":[{"embeddable":true,"href":"https:\/\/www.europesays.com\/fr\/wp-json\/wp\/v2\/media\/504387"}],"wp:attachment":[{"href":"https:\/\/www.europesays.com\/fr\/wp-json\/wp\/v2\/media?parent=504386"}],"wp:term":[{"taxonomy":"category","embeddable":true,"href":"https:\/\/www.europesays.com\/fr\/wp-json\/wp\/v2\/categories?post=504386"},{"taxonomy":"post_tag","embeddable":true,"href":"https:\/\/www.europesays.com\/fr\/wp-json\/wp\/v2\/tags?post=504386"}],"curies":[{"name":"wp","href":"https:\/\/api.w.org\/{rel}","templated":true}]}}