{"id":504390,"date":"2025-11-01T11:04:14","date_gmt":"2025-11-01T11:04:14","guid":{"rendered":"https:\/\/www.europesays.com\/fr\/504390\/"},"modified":"2025-11-01T11:04:14","modified_gmt":"2025-11-01T11:04:14","slug":"ex-girondins-lancien-responsable-du-recrutement-de-bordeaux-rebondit-en-serie-a","status":"publish","type":"post","link":"https:\/\/www.europesays.com\/fr\/504390\/","title":{"rendered":"Ex-Girondins : L&rsquo;ancien responsable du recrutement de Bordeaux rebondit en Serie A !"},"content":{"rendered":"<p><img decoding=\"async\" src=\"https:\/\/www.europesays.com\/fr\/wp-content\/uploads\/2025\/11\/671_332e8c15055287daba1ba69c59dfc0a4.jpg\" alt=\"Ex-Girondins : L'ancien responsable du recrutement de Bordeaux rebondit en Serie A !\" class=\"img-responsive mt-3\"\/><\/p>\n<p class=\"text-center mb-3\" style=\"font-size: 14px\">\u00a9 Iconsport<\/p>\n<p>      <strong>L&rsquo;ancien responsable du recrutement des Girondins s&rsquo;installe en Italie<\/strong><\/p>\n<p style=\"text-align: justify;\">Un ancien responsable des Girondins de Bordeaux prend du galon en Serie A. L&rsquo;Espagnol Diego Lopez, qui a offici\u00e9 comme responsable du recrutement du FCGB entre 2021 et 2024, est sur le point de devenir le nouveau directeur sportif du Genoa, lanterne rouge du championnat italien.<\/p>\n<p style=\"text-align: justify;\">Le club g\u00e9nois, en grande difficult\u00e9 avec seulement 3 points en 9 journ\u00e9es, a annonc\u00e9 le renvoi de son directeur sportif Marco Ottolini ce vendredi. Si le communiqu\u00e9 officiel n&rsquo;a pas r\u00e9v\u00e9l\u00e9 le nom de son successeur, la presse italienne est unanime : il s&rsquo;agit de Diego Lopez.<\/p>\n<p><strong>Un CV bien connu du football fran\u00e7ais<\/strong><\/p>\n<p style=\"text-align: justify;\">\u00c2g\u00e9 de 36 ans, Diego Lopez poss\u00e8de un CV \u00e9toff\u00e9 en Europe, avec des exp\u00e9riences vari\u00e9es :<\/p>\n<p style=\"text-align: justify;\">&#8211; Recruteur au Lille LOSC (2017 \u00e0 2021).<\/p>\n<p style=\"text-align: justify;\">&#8211; Directeur sportif de Mouscron (Belgique).<\/p>\n<p style=\"text-align: justify;\">&#8211; Responsable du recrutement des Girondins de Bordeaux (2021 \u00e0 2024).<\/p>\n<p style=\"text-align: justify;\">&#8211; Directeur sportif du RC Lens (septembre 2024 \u00e0 mai 2025).<\/p>\n<p style=\"text-align: justify;\">Son passage \u00e0 Bordeaux a \u00e9t\u00e9 marqu\u00e9 par une p\u00e9riode de forte incertitude sportive, administrative et des recrutements rat\u00e9s. Il quitte le RC lens et la France pour l&rsquo;Italie afin de relever un challenge de taille au Genoa.<\/p>\n<p style=\"text-align: justify;\">\u00c0 lire &gt;&gt; <strong><a href=\"https:\/\/www.webgirondins.com\/actualite-girondins-le-boavista-fc-de-gerard-lopez-declare-forfait-general-et-menace-de-disparaitre-130989\" target=\"_blank\" rel=\"noopener nofollow\">Le Boavista FC de G\u00e9rard Lopez d\u00e9clare forfait g\u00e9n\u00e9ral et menace de dispara\u00eetre !<\/a><\/strong><\/p>\n<p style=\"text-align: justify;\">\u00a0<\/p>\n<p>Notre podcast court sur l&rsquo;actualit\u00e9 des Girondins :<\/p>\n<p>\u00a0<\/p>\n","protected":false},"excerpt":{"rendered":"\u00a9 Iconsport L&rsquo;ancien responsable du recrutement des Girondins s&rsquo;installe en Italie Un ancien responsable des Girondins de Bordeaux&hellip;\n","protected":false},"author":2,"featured_media":504391,"comment_status":"","ping_status":"","sticky":false,"template":"","format":"standard","meta":{"footnotes":""},"categories":[2817],"tags":[1111,11,4255,1997,39899,7889,2834,1086,1777,674,1011,27,48187,1987,62630,8295,12,3870,2219,49778,7099,25,56834,7289,521,7499],"class_list":{"0":"post-504390","1":"post","2":"type-post","3":"status-publish","4":"format-standard","5":"has-post-thumbnail","7":"category-bordeaux","8":"tag-actu","9":"tag-actualites","10":"tag-ancien","11":"tag-bordeaux","12":"tag-diego","13":"tag-directeur","14":"tag-entre","15":"tag-etre","16":"tag-eu","17":"tag-europe","18":"tag-fr","19":"tag-france","20":"tag-genoa","21":"tag-girondins","22":"tag-lanterne","23":"tag-lopez","24":"tag-news","25":"tag-nomme","26":"tag-nouvelle-aquitaine","27":"tag-rebondit","28":"tag-recrutement","29":"tag-republique-francaise","30":"tag-responsable","31":"tag-rouge","32":"tag-serie","33":"tag-sportif"},"share_on_mastodon":{"url":"https:\/\/pubeurope.com\/@fr\/115474115685018910","error":""},"_links":{"self":[{"href":"https:\/\/www.europesays.com\/fr\/wp-json\/wp\/v2\/posts\/504390","targetHints":{"allow":["GET"]}}],"collection":[{"href":"https:\/\/www.europesays.com\/fr\/wp-json\/wp\/v2\/posts"}],"about":[{"href":"https:\/\/www.europesays.com\/fr\/wp-json\/wp\/v2\/types\/post"}],"author":[{"embeddable":true,"href":"https:\/\/www.europesays.com\/fr\/wp-json\/wp\/v2\/users\/2"}],"replies":[{"embeddable":true,"href":"https:\/\/www.europesays.com\/fr\/wp-json\/wp\/v2\/comments?post=504390"}],"version-history":[{"count":0,"href":"https:\/\/www.europesays.com\/fr\/wp-json\/wp\/v2\/posts\/504390\/revisions"}],"wp:featuredmedia":[{"embeddable":true,"href":"https:\/\/www.europesays.com\/fr\/wp-json\/wp\/v2\/media\/504391"}],"wp:attachment":[{"href":"https:\/\/www.europesays.com\/fr\/wp-json\/wp\/v2\/media?parent=504390"}],"wp:term":[{"taxonomy":"category","embeddable":true,"href":"https:\/\/www.europesays.com\/fr\/wp-json\/wp\/v2\/categories?post=504390"},{"taxonomy":"post_tag","embeddable":true,"href":"https:\/\/www.europesays.com\/fr\/wp-json\/wp\/v2\/tags?post=504390"}],"curies":[{"name":"wp","href":"https:\/\/api.w.org\/{rel}","templated":true}]}}